{"id":1040,"date":"2025-04-18T21:25:29","date_gmt":"2025-04-18T21:25:29","guid":{"rendered":"https:\/\/apdnoticias.com\/?p=1040"},"modified":"2025-04-18T21:25:29","modified_gmt":"2025-04-18T21:25:29","slug":"cuernavaca-avanza-en-la-certeza-juridica-de-sus-limites-territoriales","status":"publish","type":"post","link":"http:\/\/apdnoticias.com\/?p=1040","title":{"rendered":"Cuernavaca avanza en la certeza jur\u00eddica de sus l\u00edmites territoriales"},"content":{"rendered":"\n<p>En el marco de la primera sesi\u00f3n ordinaria de la Comisi\u00f3n de L\u00edmites Territoriales del Municipio de Cuernavaca, presidida por el alcalde Jos\u00e9 Luis Uri\u00f3stegui Salgado, se aprob\u00f3 por unanimidad la celebraci\u00f3n de un convenio de colaboraci\u00f3n con la Comisi\u00f3n Estatal de Reservas Territoriales, como parte de las acciones para fortalecer la certeza jur\u00eddica del territorio municipal.<\/p>\n\n\n\n<p>Durante la sesi\u00f3n, se acord\u00f3 tambi\u00e9n trabajar de manera coordinada con los municipios colindantes de Tepoztl\u00e1n, Jiutepec y Temixco, con el objetivo de definir con precisi\u00f3n los l\u00edmites territoriales de Cuernavaca, promoviendo la legalidad y la correcta planeaci\u00f3n del desarrollo urbano.<\/p>\n\n\n\n<p>Gracias a estas acciones, Cuernavaca se consolidar\u00e1 como el segundo municipio en el estado de Morelos con una delimitaci\u00f3n territorial plenamente validada por el Gobierno del Estado y el Congreso local, lo que representa un paso significativo en materia de gobernanza, planeaci\u00f3n territorial y certeza jur\u00eddica para la ciudadan\u00eda.<\/p>\n","protected":false},"excerpt":{"rendered":"<p>En el marco de la primera sesi\u00f3n ordinaria de la Comisi\u00f3n de L\u00edmites Territoriales del Municipio de Cuernavaca, presidida por el alcalde Jos\u00e9 Luis Uri\u00f3stegui Salgado, se aprob\u00f3 por unanimidad la celebraci\u00f3n de un convenio de colaboraci\u00f3n con la Comisi\u00f3n Estatal de Reservas Territoriales, como parte de las acciones para fortalecer la certeza jur\u00eddica del [&hellip;]<\/p>\n","protected":false},"author":3,"featured_media":1041,"comment_status":"open","ping_status":"open","sticky":false,"template":"","format":"standard","meta":{"_jetpack_memberships_contains_paid_content":false,"footnotes":""},"categories":[13],"tags":[],"class_list":["post-1040","post","type-post","status-publish","format-standard","has-post-thumbnail","hentry","category-local"],"jetpack_featured_media_url":"http:\/\/apdnoticias.com\/wp-content\/uploads\/2025\/04\/c73dc083-49e5-41db-8edf-9ea2a17d9899-scaled.jpeg","jetpack_sharing_enabled":true,"_links":{"self":[{"href":"http:\/\/apdnoticias.com\/index.php?rest_route=\/wp\/v2\/posts\/1040","targetHints":{"allow":["GET"]}}],"collection":[{"href":"http:\/\/apdnoticias.com\/index.php?rest_route=\/wp\/v2\/posts"}],"about":[{"href":"http:\/\/apdnoticias.com\/index.php?rest_route=\/wp\/v2\/types\/post"}],"author":[{"embeddable":true,"href":"http:\/\/apdnoticias.com\/index.php?rest_route=\/wp\/v2\/users\/3"}],"replies":[{"embeddable":true,"href":"http:\/\/apdnoticias.com\/index.php?rest_route=%2Fwp%2Fv2%2Fcomments&post=1040"}],"version-history":[{"count":1,"href":"http:\/\/apdnoticias.com\/index.php?rest_route=\/wp\/v2\/posts\/1040\/revisions"}],"predecessor-version":[{"id":1042,"href":"http:\/\/apdnoticias.com\/index.php?rest_route=\/wp\/v2\/posts\/1040\/revisions\/1042"}],"wp:featuredmedia":[{"embeddable":true,"href":"http:\/\/apdnoticias.com\/index.php?rest_route=\/wp\/v2\/media\/1041"}],"wp:attachment":[{"href":"http:\/\/apdnoticias.com\/index.php?rest_route=%2Fwp%2Fv2%2Fmedia&parent=1040"}],"wp:term":[{"taxonomy":"category","embeddable":true,"href":"http:\/\/apdnoticias.com\/index.php?rest_route=%2Fwp%2Fv2%2Fcategories&post=1040"},{"taxonomy":"post_tag","embeddable":true,"href":"http:\/\/apdnoticias.com\/index.php?rest_route=%2Fwp%2Fv2%2Ftags&post=1040"}],"curies":[{"name":"wp","href":"https:\/\/api.w.org\/{rel}","templated":true}]}}