{"id":1072,"date":"2025-04-28T01:18:45","date_gmt":"2025-04-28T01:18:45","guid":{"rendered":"https:\/\/apdnoticias.com\/?p=1072"},"modified":"2025-04-28T01:18:45","modified_gmt":"2025-04-28T01:18:45","slug":"ayuntamiento-de-cuernavaca-promueve-la-transformacion-de-la-mano-con-la-juventud","status":"publish","type":"post","link":"http:\/\/apdnoticias.com\/?p=1072","title":{"rendered":"Ayuntamiento de Cuernavaca promueve la transformaci\u00f3n de la mano con la juventud"},"content":{"rendered":"\n<p>Juventud de Cuernavaca impulsa proyectos para el desarrollo social, educativo y ambiental de la ciudad<\/p>\n\n\n\n<p>Bajo la instrucci\u00f3n del presidente municipal de Cuernavaca, Jos\u00e9 Luis Uri\u00f3stegui Salgado, el Consejo Consultivo de Juventud contin\u00faa promoviendo la participaci\u00f3n activa de las y los j\u00f3venes en el desarrollo de la ciudad, abordando temas clave como la educaci\u00f3n, el medio ambiente, la participaci\u00f3n ciudadana, as\u00ed como el arte y la cultura.<\/p>\n\n\n\n<p>Durante la segunda sesi\u00f3n ordinaria del Consejo, las y los integrantes de este \u00f3rgano colegiado presentaron una serie de proyectos que se estar\u00e1n desarrollando en coordinaci\u00f3n con el Instituto de la Juventud, adscrito a la Secretar\u00eda de Desarrollo Humano y Participaci\u00f3n Social, as\u00ed como con integrantes del Cabildo, entre ellas las regidoras Arnett Jim\u00e9nez Gaspar y Erika Lastra Jaimes, quienes manifestaron su respaldo a las iniciativas.<\/p>\n\n\n\n<p>Entre las propuestas presentadas, destaca la de Mina Aurora Cardoso Ben\u00edtez, quien plantea la implementaci\u00f3n de la norma ISO 21001 en las escuelas de Cuernavaca, con el objetivo de elevar la calidad educativa a trav\u00e9s de un enfoque integral que involucre a estudiantes, docentes y padres de familia. Esta iniciativa promover\u00eda la mejora continua, la inclusi\u00f3n, la transparencia y la participaci\u00f3n comunitaria.<\/p>\n\n\n\n<p>A partir de una perspectiva ambiental, \u00c1ngel Salvador Ortega Catal\u00e1n present\u00f3 el programa \u201cEcosistemas Urbanos\u201d, que busca restaurar espacios verdes en la ciudad a trav\u00e9s de infraestructura ecol\u00f3gica, mejorando la calidad del aire y fomentando la biodiversidad y la conciencia ambiental.<\/p>\n\n\n\n<p>Asimismo, Juan Manuel Salazar Rebollar expuso su proyecto \u201cEco-H\u00e9roes\u201d, que combina la educaci\u00f3n ambiental con actividades recreativas y la participaci\u00f3n comunitaria, dirigido principalmente a j\u00f3venes, para enfrentar el cambio clim\u00e1tico y fomentar h\u00e1bitos de vida sustentables.<\/p>\n\n\n\n<p>En el \u00e1mbito de Humanidades, Aldo Liberto Alc\u00f3n Hern\u00e1ndez propone la creaci\u00f3n de un Foro Juvenil para debatir temas de identidad, cultura y derechos humanos, cuyas conclusiones ser\u00e1n integradas en un Manifiesto Juvenil dirigido a las autoridades municipales, con el fin de fortalecer la participaci\u00f3n joven en la vida p\u00fablica.<br>Desde una visi\u00f3n enfocada en la comunidad estudiantil, Cinthia Julieta Cardoso Zetina present\u00f3 el proyecto \u201cRADE en Cuernavaca\u201d, que contempla plataformas digitales educativas, centros de apoyo psicol\u00f3gico y vocacional, as\u00ed como programas de liderazgo comunitario, orientados a disminuir la deserci\u00f3n escolar y formar l\u00edderes comprometidos con su entorno.<\/p>\n\n\n\n<p>En materia de salud, Jorge \u00c1ngel Velasco Espinal propuso un programa de manejo seguro de residuos farmac\u00e9uticos, que incluye la instalaci\u00f3n de contenedores en farmacias, campa\u00f1as contra la automedicaci\u00f3n, el uso de empaques biodegradables y colaboraci\u00f3n con instituciones para su adecuada disposici\u00f3n.<\/p>\n\n\n\n<p>Finalmente, Francisco Villarejo Guevara plate\u00f3 la organizaci\u00f3n de festivales culturales juveniles, con expresiones como el teatro, la danza y la m\u00fasica, con el fin de fomentar la creatividad, la identidad cultural y el talento local, generando espacios de expresi\u00f3n y fortalecimiento comunitario.<\/p>\n\n\n\n<p>Con estas iniciativas, el Consejo Consultivo de Juventud de Cuernavaca reafirma su compromiso con la transformaci\u00f3n social desde una perspectiva joven, promoviendo proyectos integrales y sustentables que reflejan el talento, la responsabilidad y la visi\u00f3n de las nuevas generaciones.<\/p>\n","protected":false},"excerpt":{"rendered":"<p>Juventud de Cuernavaca impulsa proyectos para el desarrollo social, educativo y ambiental de la ciudad Bajo la instrucci\u00f3n del presidente municipal de Cuernavaca, Jos\u00e9 Luis Uri\u00f3stegui Salgado, el Consejo Consultivo de Juventud contin\u00faa promoviendo la participaci\u00f3n activa de las y los j\u00f3venes en el desarrollo de la ciudad, abordando temas clave como la educaci\u00f3n, el [&hellip;]<\/p>\n","protected":false},"author":3,"featured_media":1073,"comment_status":"open","ping_status":"open","sticky":false,"template":"","format":"standard","meta":{"_jetpack_memberships_contains_paid_content":false,"footnotes":""},"categories":[13],"tags":[],"class_list":["post-1072","post","type-post","status-publish","format-standard","has-post-thumbnail","hentry","category-local"],"jetpack_featured_media_url":"http:\/\/apdnoticias.com\/wp-content\/uploads\/2025\/04\/456acab9-eb96-461a-9399-ab02b9a973a4.jpeg","jetpack_sharing_enabled":true,"_links":{"self":[{"href":"http:\/\/apdnoticias.com\/index.php?rest_route=\/wp\/v2\/posts\/1072","targetHints":{"allow":["GET"]}}],"collection":[{"href":"http:\/\/apdnoticias.com\/index.php?rest_route=\/wp\/v2\/posts"}],"about":[{"href":"http:\/\/apdnoticias.com\/index.php?rest_route=\/wp\/v2\/types\/post"}],"author":[{"embeddable":true,"href":"http:\/\/apdnoticias.com\/index.php?rest_route=\/wp\/v2\/users\/3"}],"replies":[{"embeddable":true,"href":"http:\/\/apdnoticias.com\/index.php?rest_route=%2Fwp%2Fv2%2Fcomments&post=1072"}],"version-history":[{"count":1,"href":"http:\/\/apdnoticias.com\/index.php?rest_route=\/wp\/v2\/posts\/1072\/revisions"}],"predecessor-version":[{"id":1074,"href":"http:\/\/apdnoticias.com\/index.php?rest_route=\/wp\/v2\/posts\/1072\/revisions\/1074"}],"wp:featuredmedia":[{"embeddable":true,"href":"http:\/\/apdnoticias.com\/index.php?rest_route=\/wp\/v2\/media\/1073"}],"wp:attachment":[{"href":"http:\/\/apdnoticias.com\/index.php?rest_route=%2Fwp%2Fv2%2Fmedia&parent=1072"}],"wp:term":[{"taxonomy":"category","embeddable":true,"href":"http:\/\/apdnoticias.com\/index.php?rest_route=%2Fwp%2Fv2%2Fcategories&post=1072"},{"taxonomy":"post_tag","embeddable":true,"href":"http:\/\/apdnoticias.com\/index.php?rest_route=%2Fwp%2Fv2%2Ftags&post=1072"}],"curies":[{"name":"wp","href":"https:\/\/api.w.org\/{rel}","templated":true}]}}