{"id":1102,"date":"2025-05-09T00:56:36","date_gmt":"2025-05-09T00:56:36","guid":{"rendered":"https:\/\/apdnoticias.com\/?p=1102"},"modified":"2025-05-09T00:56:36","modified_gmt":"2025-05-09T00:56:36","slug":"proteccion-civil-implementa-jornadas-preventivas-en-zona-de-riegos-los-pilares","status":"publish","type":"post","link":"http:\/\/apdnoticias.com\/?p=1102","title":{"rendered":"Protecci\u00f3n Civil implementa jornadas preventivas en zona de riegos \u201cLos Pilares\u201d"},"content":{"rendered":"\n<p>Ante los posibles desprendimientos de tierra y el riesgo estructural en la colonia Pilares del municipio de Cuernavaca, personal de la Coordinaci\u00f3n de Protecci\u00f3n Civil ha iniciado un monitoreo en la zona, llevando a cabo jornadas de difusi\u00f3n informativa dirigidas a los vecinos de la calle Bugambilias, con el fin de prevenir cualquier situaci\u00f3n que pueda poner en peligro a la poblaci\u00f3n.<\/p>\n\n\n\n<p>Con estas acciones, Protecci\u00f3n Civil distribuye material informativo entre los habitantes de la zona de riesgo, alert\u00e1ndolos sobre las laderas inestables y la importancia de contar con un plan familiar de protecci\u00f3n civil, as\u00ed como tener a la mano una mochila de emergencia. El objetivo es sensibilizar a los habitantes de la regi\u00f3n y proporcionarles informaci\u00f3n \u00fatil que les permita adoptar rutinas de prevenci\u00f3n y autocuidado.<\/p>\n\n\n\n<p>Cabe se\u00f1alar que los riesgos latentes y el impacto social han sido generados por el deslave registrado en 2022, por ello, el Ayuntamiento capitalino contin\u00faa con acciones preventivas y de mitigaci\u00f3n para proteger a la poblaci\u00f3n.<\/p>\n\n\n\n<p>Protecci\u00f3n Civil Municipal hace un llamado a la poblaci\u00f3n a mantenerse informada a trav\u00e9s de los canales oficiales y seguir las indicaciones en caso de presentar alguna emergencia.<\/p>\n","protected":false},"excerpt":{"rendered":"<p>Ante los posibles desprendimientos de tierra y el riesgo estructural en la colonia Pilares del municipio de Cuernavaca, personal de la Coordinaci\u00f3n de Protecci\u00f3n Civil ha iniciado un monitoreo en la zona, llevando a cabo jornadas de difusi\u00f3n informativa dirigidas a los vecinos de la calle Bugambilias, con el fin de prevenir cualquier situaci\u00f3n que [&hellip;]<\/p>\n","protected":false},"author":3,"featured_media":1103,"comment_status":"open","ping_status":"open","sticky":false,"template":"","format":"standard","meta":{"_jetpack_memberships_contains_paid_content":false,"footnotes":""},"categories":[13],"tags":[],"class_list":["post-1102","post","type-post","status-publish","format-standard","has-post-thumbnail","hentry","category-local"],"jetpack_featured_media_url":"http:\/\/apdnoticias.com\/wp-content\/uploads\/2025\/05\/DAE71E2E-E49D-4B87-9A8D-C2A01CFA133C.jpeg","jetpack_sharing_enabled":true,"_links":{"self":[{"href":"http:\/\/apdnoticias.com\/index.php?rest_route=\/wp\/v2\/posts\/1102","targetHints":{"allow":["GET"]}}],"collection":[{"href":"http:\/\/apdnoticias.com\/index.php?rest_route=\/wp\/v2\/posts"}],"about":[{"href":"http:\/\/apdnoticias.com\/index.php?rest_route=\/wp\/v2\/types\/post"}],"author":[{"embeddable":true,"href":"http:\/\/apdnoticias.com\/index.php?rest_route=\/wp\/v2\/users\/3"}],"replies":[{"embeddable":true,"href":"http:\/\/apdnoticias.com\/index.php?rest_route=%2Fwp%2Fv2%2Fcomments&post=1102"}],"version-history":[{"count":1,"href":"http:\/\/apdnoticias.com\/index.php?rest_route=\/wp\/v2\/posts\/1102\/revisions"}],"predecessor-version":[{"id":1104,"href":"http:\/\/apdnoticias.com\/index.php?rest_route=\/wp\/v2\/posts\/1102\/revisions\/1104"}],"wp:featuredmedia":[{"embeddable":true,"href":"http:\/\/apdnoticias.com\/index.php?rest_route=\/wp\/v2\/media\/1103"}],"wp:attachment":[{"href":"http:\/\/apdnoticias.com\/index.php?rest_route=%2Fwp%2Fv2%2Fmedia&parent=1102"}],"wp:term":[{"taxonomy":"category","embeddable":true,"href":"http:\/\/apdnoticias.com\/index.php?rest_route=%2Fwp%2Fv2%2Fcategories&post=1102"},{"taxonomy":"post_tag","embeddable":true,"href":"http:\/\/apdnoticias.com\/index.php?rest_route=%2Fwp%2Fv2%2Ftags&post=1102"}],"curies":[{"name":"wp","href":"https:\/\/api.w.org\/{rel}","templated":true}]}}