{"id":1121,"date":"2025-05-16T05:50:03","date_gmt":"2025-05-16T05:50:03","guid":{"rendered":"https:\/\/apdnoticias.com\/?p=1121"},"modified":"2025-05-16T05:50:03","modified_gmt":"2025-05-16T05:50:03","slug":"cuernavaca-impulsa-el-programa-que-nadie-se-quede-atras","status":"publish","type":"post","link":"http:\/\/apdnoticias.com\/?p=1121","title":{"rendered":"Cuernavaca impulsa el programa \u201cque nadie se quede atr\u00e1s\u201d"},"content":{"rendered":"\n<p>Estar\u00e1 integrando a personas con discapacidad y adultos mayores en acciones de prevenci\u00f3n y gesti\u00f3n de riesgos<\/p>\n\n\n\n<p>En atenci\u00f3n a la instrucci\u00f3n del presidente municipal de Cuernavaca, Jos\u00e9 Luis Uri\u00f3stegui Salgado, de promover una ciudad inclusiva y sin distinciones, la Coordinaci\u00f3n Municipal de Protecci\u00f3n Civil anunci\u00f3 el arranque del programa \u201cQue nadie se quede atr\u00e1s\u201d, una estrategia orientada a integrar a personas con discapacidad y adultas mayores en la gesti\u00f3n del riesgo y la protecci\u00f3n civil.<\/p>\n\n\n\n<p>En la segunda sesi\u00f3n ordinaria del Consejo Municipal de Protecci\u00f3n Civil, la titular de la dependencia y secretaria t\u00e9cnica del Cuerpo Colegiado, Nora Gonz\u00e1lez Cruz, explic\u00f3 que esta iniciativa tiene como objetivo generar espacios de participaci\u00f3n, capacitaci\u00f3n y concientizaci\u00f3n para que todos los sectores de la poblaci\u00f3n est\u00e9n preparados ante situaciones de emergencia, especialmente aquellos en situaci\u00f3n de mayor vulnerabilidad.<\/p>\n\n\n\n<p>El inicio formal del programa est\u00e1 previsto para el pr\u00f3ximo 19 de junio de 2025, y se contempla una convocatoria amplia que abarque todos los niveles educativos, as\u00ed como establecimientos comerciales y sectores sociales diversos, con el prop\u00f3sito de alcanzar a la poblaci\u00f3n en general.<\/p>\n\n\n\n<p>Con este programa, el Ayuntamiento de Cuernavaca refuerza su compromiso con los principios de equidad, inclusi\u00f3n y resiliencia comunitaria, consolidando una ciudad m\u00e1s segura y solidaria para todas y todos.<\/p>\n","protected":false},"excerpt":{"rendered":"<p>Estar\u00e1 integrando a personas con discapacidad y adultos mayores en acciones de prevenci\u00f3n y gesti\u00f3n de riesgos En atenci\u00f3n a la instrucci\u00f3n del presidente municipal de Cuernavaca, Jos\u00e9 Luis Uri\u00f3stegui Salgado, de promover una ciudad inclusiva y sin distinciones, la Coordinaci\u00f3n Municipal de Protecci\u00f3n Civil anunci\u00f3 el arranque del programa \u201cQue nadie se quede atr\u00e1s\u201d, [&hellip;]<\/p>\n","protected":false},"author":3,"featured_media":1122,"comment_status":"open","ping_status":"open","sticky":false,"template":"","format":"standard","meta":{"_jetpack_memberships_contains_paid_content":false,"footnotes":""},"categories":[13],"tags":[],"class_list":["post-1121","post","type-post","status-publish","format-standard","has-post-thumbnail","hentry","category-local"],"jetpack_featured_media_url":"http:\/\/apdnoticias.com\/wp-content\/uploads\/2025\/05\/348a76f5-6973-4486-ac71-e77f6625dd6a.jpeg","jetpack_sharing_enabled":true,"_links":{"self":[{"href":"http:\/\/apdnoticias.com\/index.php?rest_route=\/wp\/v2\/posts\/1121","targetHints":{"allow":["GET"]}}],"collection":[{"href":"http:\/\/apdnoticias.com\/index.php?rest_route=\/wp\/v2\/posts"}],"about":[{"href":"http:\/\/apdnoticias.com\/index.php?rest_route=\/wp\/v2\/types\/post"}],"author":[{"embeddable":true,"href":"http:\/\/apdnoticias.com\/index.php?rest_route=\/wp\/v2\/users\/3"}],"replies":[{"embeddable":true,"href":"http:\/\/apdnoticias.com\/index.php?rest_route=%2Fwp%2Fv2%2Fcomments&post=1121"}],"version-history":[{"count":1,"href":"http:\/\/apdnoticias.com\/index.php?rest_route=\/wp\/v2\/posts\/1121\/revisions"}],"predecessor-version":[{"id":1123,"href":"http:\/\/apdnoticias.com\/index.php?rest_route=\/wp\/v2\/posts\/1121\/revisions\/1123"}],"wp:featuredmedia":[{"embeddable":true,"href":"http:\/\/apdnoticias.com\/index.php?rest_route=\/wp\/v2\/media\/1122"}],"wp:attachment":[{"href":"http:\/\/apdnoticias.com\/index.php?rest_route=%2Fwp%2Fv2%2Fmedia&parent=1121"}],"wp:term":[{"taxonomy":"category","embeddable":true,"href":"http:\/\/apdnoticias.com\/index.php?rest_route=%2Fwp%2Fv2%2Fcategories&post=1121"},{"taxonomy":"post_tag","embeddable":true,"href":"http:\/\/apdnoticias.com\/index.php?rest_route=%2Fwp%2Fv2%2Ftags&post=1121"}],"curies":[{"name":"wp","href":"https:\/\/api.w.org\/{rel}","templated":true}]}}