{"id":1124,"date":"2025-05-19T16:20:01","date_gmt":"2025-05-19T16:20:01","guid":{"rendered":"https:\/\/apdnoticias.com\/?p=1124"},"modified":"2025-05-19T16:20:01","modified_gmt":"2025-05-19T16:20:01","slug":"refrenda-jose-luis-uriostegui-compromiso-por-la-paz-en-cuernavaca","status":"publish","type":"post","link":"http:\/\/apdnoticias.com\/?p=1124","title":{"rendered":"Refrenda Jos\u00e9 Luis Uri\u00f3stegui compromiso por la Paz en Cuernavaca"},"content":{"rendered":"\n<p><\/p>\n\n\n\n<p> El alcalde de Cuernavaca manifest\u00f3 su disposici\u00f3n por seguir coordinando esfuerzos con el Estado y la federaci\u00f3n para garantizar la seguridad en la ciudad<\/p>\n\n\n\n<p>El presidente municipal de Cuernavaca, Jos\u00e9 Luis Uri\u00f3stegui Salgado, particip\u00f3 este lunes en la Mesa de Coordinaci\u00f3n Estatal para la Construcci\u00f3n de Paz y Seguridad, encabezada por la gobernadora Margarita Gonz\u00e1lez Saravia, donde refrend\u00f3 el compromiso de su administraci\u00f3n para seguir fortaleciendo los trabajos conjuntos en favor de la seguridad, la tranquilidad y la paz social.<\/p>\n\n\n\n<p>La sesi\u00f3n se llev\u00f3 a cabo en Palacio de Gobierno, y cont\u00f3 con la presencia de autoridades de los tres \u00f3rdenes de gobierno, quienes reiteraron su voluntad de trabajar coordinadamente para atender las principales problem\u00e1ticas en materia de seguridad en el estado.<\/p>\n\n\n\n<p>Previo a esta reuni\u00f3n, el alcalde asisti\u00f3 a la ceremonia de Honores a la Bandera realizada en la Plaza de Armas, organizada por la Secretar\u00eda de Educaci\u00f3n P\u00fablica estatal. En este acto c\u00edvico lo acompa\u00f1aron las regidoras Elia Ort\u00edz Garc\u00eda y Arnett Jim\u00e9nez Gaspar, as\u00ed como el regidor Gabriel Rivas R\u00edos.<\/p>\n\n\n\n<p>Durante su participaci\u00f3n, Jos\u00e9 Luis Uri\u00f3stegui destac\u00f3 que Cuernavaca, como capital del estado, continuar\u00e1 trabajando de manera interinstitucional con los tres niveles de gobierno y los municipios vecinos, reafirmando su convicci\u00f3n de sumar esfuerzos para garantizar el bienestar de las y los cuernavaquenses.<\/p>\n","protected":false},"excerpt":{"rendered":"<p>El alcalde de Cuernavaca manifest\u00f3 su disposici\u00f3n por seguir coordinando esfuerzos con el Estado y la federaci\u00f3n para garantizar la seguridad en la ciudad El presidente municipal de Cuernavaca, Jos\u00e9 Luis Uri\u00f3stegui Salgado, particip\u00f3 este lunes en la Mesa de Coordinaci\u00f3n Estatal para la Construcci\u00f3n de Paz y Seguridad, encabezada por la gobernadora Margarita Gonz\u00e1lez [&hellip;]<\/p>\n","protected":false},"author":3,"featured_media":1125,"comment_status":"open","ping_status":"open","sticky":false,"template":"","format":"standard","meta":{"_jetpack_memberships_contains_paid_content":false,"footnotes":""},"categories":[13],"tags":[],"class_list":["post-1124","post","type-post","status-publish","format-standard","has-post-thumbnail","hentry","category-local"],"jetpack_featured_media_url":"http:\/\/apdnoticias.com\/wp-content\/uploads\/2025\/05\/3032aa91-518a-4e98-9f12-ba36391ab2bc.jpeg","jetpack_sharing_enabled":true,"_links":{"self":[{"href":"http:\/\/apdnoticias.com\/index.php?rest_route=\/wp\/v2\/posts\/1124","targetHints":{"allow":["GET"]}}],"collection":[{"href":"http:\/\/apdnoticias.com\/index.php?rest_route=\/wp\/v2\/posts"}],"about":[{"href":"http:\/\/apdnoticias.com\/index.php?rest_route=\/wp\/v2\/types\/post"}],"author":[{"embeddable":true,"href":"http:\/\/apdnoticias.com\/index.php?rest_route=\/wp\/v2\/users\/3"}],"replies":[{"embeddable":true,"href":"http:\/\/apdnoticias.com\/index.php?rest_route=%2Fwp%2Fv2%2Fcomments&post=1124"}],"version-history":[{"count":1,"href":"http:\/\/apdnoticias.com\/index.php?rest_route=\/wp\/v2\/posts\/1124\/revisions"}],"predecessor-version":[{"id":1126,"href":"http:\/\/apdnoticias.com\/index.php?rest_route=\/wp\/v2\/posts\/1124\/revisions\/1126"}],"wp:featuredmedia":[{"embeddable":true,"href":"http:\/\/apdnoticias.com\/index.php?rest_route=\/wp\/v2\/media\/1125"}],"wp:attachment":[{"href":"http:\/\/apdnoticias.com\/index.php?rest_route=%2Fwp%2Fv2%2Fmedia&parent=1124"}],"wp:term":[{"taxonomy":"category","embeddable":true,"href":"http:\/\/apdnoticias.com\/index.php?rest_route=%2Fwp%2Fv2%2Fcategories&post=1124"},{"taxonomy":"post_tag","embeddable":true,"href":"http:\/\/apdnoticias.com\/index.php?rest_route=%2Fwp%2Fv2%2Ftags&post=1124"}],"curies":[{"name":"wp","href":"https:\/\/api.w.org\/{rel}","templated":true}]}}