{"id":1153,"date":"2025-05-26T03:11:53","date_gmt":"2025-05-26T03:11:53","guid":{"rendered":"https:\/\/apdnoticias.com\/?p=1153"},"modified":"2025-05-26T03:11:53","modified_gmt":"2025-05-26T03:11:53","slug":"productores-reconocen-compromiso-del-alcalde-uriostegui-con-el-campo-de-cuernavaca","status":"publish","type":"post","link":"http:\/\/apdnoticias.com\/?p=1153","title":{"rendered":"Productores reconocen compromiso del alcalde Uri\u00f3stegui con el campo de Cuernavaca"},"content":{"rendered":"\n<p>Productores de nopal y hortalizas agradecieron los apoyos directos otorgados a su organizaci\u00f3n que mejoran su producci\u00f3n y fortalecen la econom\u00eda rural<\/p>\n\n\n\n<p>Productores de la rama de nopal, verdura y hortalizas agradecieron el respaldo del presidente municipal de Cuernavaca, Jos\u00e9 Luis Uri\u00f3stegui Salgado, quien desde su primera administraci\u00f3n ha priorizado el fortalecimiento de los sistemas productivos del campo en la ciudad, brindando atenci\u00f3n directa a sus necesidades y promoviendo el desarrollo econ\u00f3mico de las comunidades rurales.<\/p>\n\n\n\n<p>Por primera vez, este grupo de productores recibi\u00f3 apoyos del Ayuntamiento de Cuernavaca consistentes en abono org\u00e1nico, fertilizante qu\u00edmico e insumos diversos, lo que representa un paso importante para mejorar sus procesos de cultivo, incrementar sus ingresos y ampliar su presencia en el mercado local.<\/p>\n\n\n\n<p>En representaci\u00f3n del grupo, Roberto Pe\u00f1a Far\u00edas y Maximilio Ram\u00edrez Garibay coincidieron en que este respaldo marca un antes y un despu\u00e9s para su organizaci\u00f3n, integrada actualmente por 27 productores, entre mujeres, hombres, j\u00f3venes y adultos mayores. La rama fue constituida hace aproximadamente cuatro a\u00f1os, y hoy consolida su crecimiento con el apoyo institucional.<\/p>\n\n\n\n<p>Gracias al impulso de la actual administraci\u00f3n municipal, este grupo forma parte del Consejo Municipal de Desarrollo Rural Sustentable (Comunders), lo que les permite incidir en la toma de decisiones para el fortalecimiento del sector agr\u00edcola en el municipio.<\/p>\n\n\n\n<p>Los productores reconocieron que el acompa\u00f1amiento del alcalde Jos\u00e9 Luis Uri\u00f3stegui ha sido constante y efectivo, permitiendo avanzar hacia mejores condiciones de producci\u00f3n, incentivar el consumo local y generar nuevas oportunidades para las familias que viven del trabajo en el campo.<\/p>\n","protected":false},"excerpt":{"rendered":"<p>Productores de nopal y hortalizas agradecieron los apoyos directos otorgados a su organizaci\u00f3n que mejoran su producci\u00f3n y fortalecen la econom\u00eda rural Productores de la rama de nopal, verdura y hortalizas agradecieron el respaldo del presidente municipal de Cuernavaca, Jos\u00e9 Luis Uri\u00f3stegui Salgado, quien desde su primera administraci\u00f3n ha priorizado el fortalecimiento de los sistemas [&hellip;]<\/p>\n","protected":false},"author":3,"featured_media":1154,"comment_status":"open","ping_status":"open","sticky":false,"template":"","format":"standard","meta":{"_jetpack_memberships_contains_paid_content":false,"footnotes":""},"categories":[13],"tags":[],"class_list":["post-1153","post","type-post","status-publish","format-standard","has-post-thumbnail","hentry","category-local"],"jetpack_featured_media_url":"http:\/\/apdnoticias.com\/wp-content\/uploads\/2025\/05\/4d22ade2-46ed-4619-97bb-b89a26322f03.jpeg","jetpack_sharing_enabled":true,"_links":{"self":[{"href":"http:\/\/apdnoticias.com\/index.php?rest_route=\/wp\/v2\/posts\/1153","targetHints":{"allow":["GET"]}}],"collection":[{"href":"http:\/\/apdnoticias.com\/index.php?rest_route=\/wp\/v2\/posts"}],"about":[{"href":"http:\/\/apdnoticias.com\/index.php?rest_route=\/wp\/v2\/types\/post"}],"author":[{"embeddable":true,"href":"http:\/\/apdnoticias.com\/index.php?rest_route=\/wp\/v2\/users\/3"}],"replies":[{"embeddable":true,"href":"http:\/\/apdnoticias.com\/index.php?rest_route=%2Fwp%2Fv2%2Fcomments&post=1153"}],"version-history":[{"count":1,"href":"http:\/\/apdnoticias.com\/index.php?rest_route=\/wp\/v2\/posts\/1153\/revisions"}],"predecessor-version":[{"id":1155,"href":"http:\/\/apdnoticias.com\/index.php?rest_route=\/wp\/v2\/posts\/1153\/revisions\/1155"}],"wp:featuredmedia":[{"embeddable":true,"href":"http:\/\/apdnoticias.com\/index.php?rest_route=\/wp\/v2\/media\/1154"}],"wp:attachment":[{"href":"http:\/\/apdnoticias.com\/index.php?rest_route=%2Fwp%2Fv2%2Fmedia&parent=1153"}],"wp:term":[{"taxonomy":"category","embeddable":true,"href":"http:\/\/apdnoticias.com\/index.php?rest_route=%2Fwp%2Fv2%2Fcategories&post=1153"},{"taxonomy":"post_tag","embeddable":true,"href":"http:\/\/apdnoticias.com\/index.php?rest_route=%2Fwp%2Fv2%2Ftags&post=1153"}],"curies":[{"name":"wp","href":"https:\/\/api.w.org\/{rel}","templated":true}]}}