{"id":1163,"date":"2025-05-27T14:44:01","date_gmt":"2025-05-27T14:44:01","guid":{"rendered":"https:\/\/apdnoticias.com\/?p=1163"},"modified":"2025-05-27T14:44:01","modified_gmt":"2025-05-27T14:44:01","slug":"refrenda-jose-luis-uriostegui-compromiso-con-mercados-de-cuernavaca","status":"publish","type":"post","link":"http:\/\/apdnoticias.com\/?p=1163","title":{"rendered":"Refrenda Jos\u00e9 Luis Uri\u00f3stegui compromiso con mercados de Cuernavaca"},"content":{"rendered":"\n<p> El alcalde asegur\u00f3 que seguir\u00e1n generando acciones coordinadas que permitan impulsar estos espacios tradicionales como polos de desarrollo econ\u00f3mico<\/p>\n\n\n\n<p>En un ejercicio de di\u00e1logo y cercan\u00eda, el presidente municipal de Cuernavaca, Jos\u00e9 Luis Uri\u00f3stegui Salgado, sostuvo una reuni\u00f3n con administradoras y administradores de los mercados perif\u00e9ricos de la capital, a quienes refrend\u00f3 el compromiso de su administraci\u00f3n para seguir atendiendo sus necesidades, de acuerdo con la solvencia econ\u00f3mica del Ayuntamiento, pero priorizando siempre el mantenimiento y fortalecimiento de estos espacios que representan una fuente esencial de ingresos para miles de familias.<\/p>\n\n\n\n<p>Durante el encuentro, el alcalde reconoci\u00f3 la importancia hist\u00f3rica, social y econ\u00f3mica que tienen los mercados para Cuernavaca, al ser sitios llenos de tradici\u00f3n que promueven el desarrollo local, dinamizan la econom\u00eda y fortalecen el tejido comunitario.<\/p>\n\n\n\n<p>En la reuni\u00f3n estuvieron presentes el secretario del Ayuntamiento, \u00d3scar Cano Mondrag\u00f3n, y el secretario de Desarrollo Econ\u00f3mico y Turismo, Marcos Manuel Su\u00e1rez Gerard, as\u00ed como directivos de esta \u00faltima dependencia, quienes se sumar\u00e1n a los trabajos de atenci\u00f3n y mejora de estos mercados, considerados piezas clave para la vida econ\u00f3mica y social de la capital morelense.<\/p>\n\n\n\n<p>La administraci\u00f3n municipal continuar\u00e1 generando acciones coordinadas que permitan impulsar estos espacios tradicionales como polos de desarrollo econ\u00f3mico, respetando su identidad y escuchando las voces de quienes d\u00eda a d\u00eda los mantienen vivos.<\/p>\n","protected":false},"excerpt":{"rendered":"<p>El alcalde asegur\u00f3 que seguir\u00e1n generando acciones coordinadas que permitan impulsar estos espacios tradicionales como polos de desarrollo econ\u00f3mico En un ejercicio de di\u00e1logo y cercan\u00eda, el presidente municipal de Cuernavaca, Jos\u00e9 Luis Uri\u00f3stegui Salgado, sostuvo una reuni\u00f3n con administradoras y administradores de los mercados perif\u00e9ricos de la capital, a quienes refrend\u00f3 el compromiso de [&hellip;]<\/p>\n","protected":false},"author":3,"featured_media":1164,"comment_status":"open","ping_status":"open","sticky":false,"template":"","format":"standard","meta":{"_jetpack_memberships_contains_paid_content":false,"footnotes":""},"categories":[13],"tags":[],"class_list":["post-1163","post","type-post","status-publish","format-standard","has-post-thumbnail","hentry","category-local"],"jetpack_featured_media_url":"http:\/\/apdnoticias.com\/wp-content\/uploads\/2025\/05\/0eb3833f-7b27-4e6c-86ca-a79647c34cf2.jpeg","jetpack_sharing_enabled":true,"_links":{"self":[{"href":"http:\/\/apdnoticias.com\/index.php?rest_route=\/wp\/v2\/posts\/1163","targetHints":{"allow":["GET"]}}],"collection":[{"href":"http:\/\/apdnoticias.com\/index.php?rest_route=\/wp\/v2\/posts"}],"about":[{"href":"http:\/\/apdnoticias.com\/index.php?rest_route=\/wp\/v2\/types\/post"}],"author":[{"embeddable":true,"href":"http:\/\/apdnoticias.com\/index.php?rest_route=\/wp\/v2\/users\/3"}],"replies":[{"embeddable":true,"href":"http:\/\/apdnoticias.com\/index.php?rest_route=%2Fwp%2Fv2%2Fcomments&post=1163"}],"version-history":[{"count":1,"href":"http:\/\/apdnoticias.com\/index.php?rest_route=\/wp\/v2\/posts\/1163\/revisions"}],"predecessor-version":[{"id":1165,"href":"http:\/\/apdnoticias.com\/index.php?rest_route=\/wp\/v2\/posts\/1163\/revisions\/1165"}],"wp:featuredmedia":[{"embeddable":true,"href":"http:\/\/apdnoticias.com\/index.php?rest_route=\/wp\/v2\/media\/1164"}],"wp:attachment":[{"href":"http:\/\/apdnoticias.com\/index.php?rest_route=%2Fwp%2Fv2%2Fmedia&parent=1163"}],"wp:term":[{"taxonomy":"category","embeddable":true,"href":"http:\/\/apdnoticias.com\/index.php?rest_route=%2Fwp%2Fv2%2Fcategories&post=1163"},{"taxonomy":"post_tag","embeddable":true,"href":"http:\/\/apdnoticias.com\/index.php?rest_route=%2Fwp%2Fv2%2Ftags&post=1163"}],"curies":[{"name":"wp","href":"https:\/\/api.w.org\/{rel}","templated":true}]}}