{"id":1292,"date":"2025-06-24T23:41:23","date_gmt":"2025-06-24T23:41:23","guid":{"rendered":"https:\/\/apdnoticias.com\/?p=1292"},"modified":"2025-06-24T23:41:23","modified_gmt":"2025-06-24T23:41:23","slug":"revisa-el-fiscal-edgar-maldonado-avances-en-exhumaciones-de-la-fosa-comun-de-jojutla-con-colectivos-de-busqueda","status":"publish","type":"post","link":"http:\/\/apdnoticias.com\/?p=1292","title":{"rendered":"Revisa el Fiscal Edgar Maldonado avances en exhumaciones de la fosa com\u00fan de Jojutla con colectivos de b\u00fasqueda"},"content":{"rendered":"\n<p>Nadya Limas <\/p>\n\n\n\n<p><strong>CUERNAVACA, MOR.-<\/strong>&nbsp;El Fiscal General del Estado, Edgar Maldonado, sostuvo este martes un encuentro con representantes de diversos colectivos de b\u00fasqueda de personas desaparecidas, con el objetivo de dar seguimiento a los trabajos de exhumaci\u00f3n en la fosa com\u00fan del pante\u00f3n \u201cPedro Amaro\u201d, en Jojutla, y reforzar el di\u00e1logo institucional con las familias.<\/p>\n\n\n\n<p>Durante la reuni\u00f3n, el Fiscal reiter\u00f3 la voluntad de la Fiscal\u00eda de colaborar en los procesos de verdad y justicia que han sido exigidos desde hace a\u00f1os por los familiares de v\u00edctimas. \u201cEs una problem\u00e1tica de larga data, pero existe plena disposici\u00f3n para responder a sus demandas\u201d, afirm\u00f3.<\/p>\n\n\n\n<p>Entre los acuerdos m\u00e1s relevantes se encuentra la realizaci\u00f3n de perfiles gen\u00e9ticos a los restos humanos recuperados en la cuarta fase de intervenci\u00f3n judicial, una demanda sostenida por los colectivos desde hace varios a\u00f1os.<\/p>\n\n\n\n<p>Maldonado inform\u00f3 que las labores de exhumaci\u00f3n fueron suspendidas temporalmente el pasado viernes debido al riesgo de colapso de un muro cercano al \u00e1rea de excavaci\u00f3n, pero se reanudar\u00e1n tan pronto como se garantice la seguridad en la zona.<\/p>\n\n\n\n<p>La Fiscal\u00eda tambi\u00e9n acept\u00f3 la incorporaci\u00f3n de peritos independientes y analizar\u00e1 la participaci\u00f3n de especialistas en arqueolog\u00eda y antropolog\u00eda f\u00edsica, con el fin de fortalecer el rigor t\u00e9cnico del proceso. Asimismo, se evaluar\u00e1 el aumento de personal del Ministerio P\u00fablico especializado en desaparici\u00f3n forzada en las regiones Oriente y Sur Poniente.<\/p>\n\n\n\n<p>Al encuentro asistieron integrantes de los colectivos Desaparecidos Tetelcingo y Jojutla, V\u00edctimas y Ofendidos del Estado de Morelos, Regresando a Casa Morelos, Uni\u00f3n de Familias Resilientes en B\u00fasqueda de sus Corazones Desaparecidos, Buscadoras del Sur, as\u00ed como representantes de la Comisi\u00f3n Nacional de B\u00fasqueda y la Brigada Nacional de B\u00fasqueda.<\/p>\n\n\n\n<p>Por parte de la Fiscal\u00eda, participaron tambi\u00e9n Alberto Belmont Guti\u00e9rrez, Fiscal Especializado en Desaparici\u00f3n Forzada de Personas; Samuel Nava V\u00e1zquez, Coordinador General de Servicios Periciales; Alejandra Cruz Quiroz, Secretaria Ejecutiva, y V\u00edctor Rogel Gabriel, Fiscal Especializado en Delitos Electorales.<\/p>\n","protected":false},"excerpt":{"rendered":"<p>Nadya Limas CUERNAVACA, MOR.-&nbsp;El Fiscal General del Estado, Edgar Maldonado, sostuvo este martes un encuentro con representantes de diversos colectivos de b\u00fasqueda de personas desaparecidas, con el objetivo de dar seguimiento a los trabajos de exhumaci\u00f3n en la fosa com\u00fan del pante\u00f3n \u201cPedro Amaro\u201d, en Jojutla, y reforzar el di\u00e1logo institucional con las familias. Durante [&hellip;]<\/p>\n","protected":false},"author":3,"featured_media":1294,"comment_status":"open","ping_status":"open","sticky":false,"template":"","format":"standard","meta":{"_jetpack_memberships_contains_paid_content":false,"footnotes":""},"categories":[5],"tags":[],"class_list":["post-1292","post","type-post","status-publish","format-standard","has-post-thumbnail","hentry","category-morelos"],"jetpack_featured_media_url":"http:\/\/apdnoticias.com\/wp-content\/uploads\/2025\/06\/IMG_8152.jpeg","jetpack_sharing_enabled":true,"_links":{"self":[{"href":"http:\/\/apdnoticias.com\/index.php?rest_route=\/wp\/v2\/posts\/1292","targetHints":{"allow":["GET"]}}],"collection":[{"href":"http:\/\/apdnoticias.com\/index.php?rest_route=\/wp\/v2\/posts"}],"about":[{"href":"http:\/\/apdnoticias.com\/index.php?rest_route=\/wp\/v2\/types\/post"}],"author":[{"embeddable":true,"href":"http:\/\/apdnoticias.com\/index.php?rest_route=\/wp\/v2\/users\/3"}],"replies":[{"embeddable":true,"href":"http:\/\/apdnoticias.com\/index.php?rest_route=%2Fwp%2Fv2%2Fcomments&post=1292"}],"version-history":[{"count":1,"href":"http:\/\/apdnoticias.com\/index.php?rest_route=\/wp\/v2\/posts\/1292\/revisions"}],"predecessor-version":[{"id":1293,"href":"http:\/\/apdnoticias.com\/index.php?rest_route=\/wp\/v2\/posts\/1292\/revisions\/1293"}],"wp:featuredmedia":[{"embeddable":true,"href":"http:\/\/apdnoticias.com\/index.php?rest_route=\/wp\/v2\/media\/1294"}],"wp:attachment":[{"href":"http:\/\/apdnoticias.com\/index.php?rest_route=%2Fwp%2Fv2%2Fmedia&parent=1292"}],"wp:term":[{"taxonomy":"category","embeddable":true,"href":"http:\/\/apdnoticias.com\/index.php?rest_route=%2Fwp%2Fv2%2Fcategories&post=1292"},{"taxonomy":"post_tag","embeddable":true,"href":"http:\/\/apdnoticias.com\/index.php?rest_route=%2Fwp%2Fv2%2Ftags&post=1292"}],"curies":[{"name":"wp","href":"https:\/\/api.w.org\/{rel}","templated":true}]}}