{"id":1308,"date":"2025-06-26T23:34:15","date_gmt":"2025-06-26T23:34:15","guid":{"rendered":"https:\/\/apdnoticias.com\/?p=1308"},"modified":"2025-06-26T23:34:15","modified_gmt":"2025-06-26T23:34:15","slug":"mexico-prohibe-espectaculos-con-delfines-y-otros-mamiferos-marinos","status":"publish","type":"post","link":"http:\/\/apdnoticias.com\/?p=1308","title":{"rendered":"M\u00e9xico proh\u00edbe espect\u00e1culos con delfines y otros mam\u00edferos marinos"},"content":{"rendered":"\n<h3 class=\"wp-block-heading\">Nadya Limas <\/h3>\n\n\n\n<p><strong>CIUDAD DE M\u00c9XICO.-<\/strong>&nbsp;La C\u00e1mara de Diputados aprob\u00f3 una reforma a la Ley General de Vida Silvestre que proh\u00edbe el uso de delfines y otros mam\u00edferos marinos en espect\u00e1culos, tanto fijos como itinerantes, marcando un hito en la protecci\u00f3n animal en el pa\u00eds.<\/p>\n\n\n\n<p>La iniciativa, respaldada de manera un\u00e1nime por los legisladores, fue enviada al Ejecutivo federal para su promulgaci\u00f3n y entrada en vigor. Con esta decisi\u00f3n, M\u00e9xico pone fin a una pr\u00e1ctica que, seg\u00fan activistas y especialistas, se sosten\u00eda en el sufrimiento de especies con altos niveles de conciencia y sensibilidad.<\/p>\n\n\n\n<p>De acuerdo con medios como&nbsp;<em>N+<\/em>,&nbsp;<em>El Sol de M\u00e9xico<\/em>,&nbsp;<em>El Horizonte<\/em>&nbsp;y&nbsp;<em>Quadrat\u00edn Quer\u00e9taro<\/em>, la reforma contempla tambi\u00e9n sanciones m\u00e1s severas para quienes violen la nueva disposici\u00f3n legal.<\/p>\n\n\n\n<p>La ley establece excepciones \u00fanicamente en casos con fines cient\u00edficos o de conservaci\u00f3n, siempre y cuando cuenten con la autorizaci\u00f3n expresa de instituciones acad\u00e9micas y de la Secretar\u00eda de Medio Ambiente y Recursos Naturales (Semarnat). Tambi\u00e9n se permitir\u00e1 la tenencia de estos animales para programas de recuperaci\u00f3n y reintroducci\u00f3n de especies en riesgo.<\/p>\n\n\n\n<p>Esta medida ha sido celebrada por organizaciones defensoras de los derechos animales, al considerar que representa un avance significativo en el trato \u00e9tico hacia la vida silvestre en M\u00e9xico.<\/p>\n","protected":false},"excerpt":{"rendered":"<p>Nadya Limas CIUDAD DE M\u00c9XICO.-&nbsp;La C\u00e1mara de Diputados aprob\u00f3 una reforma a la Ley General de Vida Silvestre que proh\u00edbe el uso de delfines y otros mam\u00edferos marinos en espect\u00e1culos, tanto fijos como itinerantes, marcando un hito en la protecci\u00f3n animal en el pa\u00eds. La iniciativa, respaldada de manera un\u00e1nime por los legisladores, fue enviada [&hellip;]<\/p>\n","protected":false},"author":3,"featured_media":1309,"comment_status":"open","ping_status":"open","sticky":false,"template":"","format":"standard","meta":{"_jetpack_memberships_contains_paid_content":false,"footnotes":""},"categories":[6],"tags":[],"class_list":["post-1308","post","type-post","status-publish","format-standard","has-post-thumbnail","hentry","category-mexico"],"jetpack_featured_media_url":"http:\/\/apdnoticias.com\/wp-content\/uploads\/2025\/06\/IMG_8402.jpeg","jetpack_sharing_enabled":true,"_links":{"self":[{"href":"http:\/\/apdnoticias.com\/index.php?rest_route=\/wp\/v2\/posts\/1308","targetHints":{"allow":["GET"]}}],"collection":[{"href":"http:\/\/apdnoticias.com\/index.php?rest_route=\/wp\/v2\/posts"}],"about":[{"href":"http:\/\/apdnoticias.com\/index.php?rest_route=\/wp\/v2\/types\/post"}],"author":[{"embeddable":true,"href":"http:\/\/apdnoticias.com\/index.php?rest_route=\/wp\/v2\/users\/3"}],"replies":[{"embeddable":true,"href":"http:\/\/apdnoticias.com\/index.php?rest_route=%2Fwp%2Fv2%2Fcomments&post=1308"}],"version-history":[{"count":1,"href":"http:\/\/apdnoticias.com\/index.php?rest_route=\/wp\/v2\/posts\/1308\/revisions"}],"predecessor-version":[{"id":1310,"href":"http:\/\/apdnoticias.com\/index.php?rest_route=\/wp\/v2\/posts\/1308\/revisions\/1310"}],"wp:featuredmedia":[{"embeddable":true,"href":"http:\/\/apdnoticias.com\/index.php?rest_route=\/wp\/v2\/media\/1309"}],"wp:attachment":[{"href":"http:\/\/apdnoticias.com\/index.php?rest_route=%2Fwp%2Fv2%2Fmedia&parent=1308"}],"wp:term":[{"taxonomy":"category","embeddable":true,"href":"http:\/\/apdnoticias.com\/index.php?rest_route=%2Fwp%2Fv2%2Fcategories&post=1308"},{"taxonomy":"post_tag","embeddable":true,"href":"http:\/\/apdnoticias.com\/index.php?rest_route=%2Fwp%2Fv2%2Ftags&post=1308"}],"curies":[{"name":"wp","href":"https:\/\/api.w.org\/{rel}","templated":true}]}}