{"id":1324,"date":"2025-06-29T22:35:35","date_gmt":"2025-06-29T22:35:35","guid":{"rendered":"https:\/\/apdnoticias.com\/?p=1324"},"modified":"2025-06-29T22:55:16","modified_gmt":"2025-06-29T22:55:16","slug":"1324","status":"publish","type":"post","link":"http:\/\/apdnoticias.com\/?p=1324","title":{"rendered":"Sujetos armado asalta Sam\u2019s Club en Cuernavaca; se llevan tel\u00e9fonos de Telcel"},"content":{"rendered":"\n<p><\/p>\n\n\n\n<p><em>Nadya Limas \/ Morelos<\/em><\/p>\n\n\n\n<p><strong>CUERNAVACA, MOR.\u2014<\/strong>\u00a0Dos hombres armados asaltaron la ma\u00f1ana de este domingo la tienda Sam\u2019s Club ubicada sobre la avenida Vicente Guerrero, en la capital del estado llev\u00e1ndose tel\u00e9fonos celulares y accesorios de una vitrina de la entrada del s\u00faper mercado.<\/p>\n\n\n\n<p>De acuerdo con trabajadores del establecimiento los sujetos ingresaron a primera hora de la ma\u00f1ana, utilizando una membres\u00eda como si se tratara de clientes regulares, estaban vestidos con sudaderas una blanca, roja, gorros y cubrebocas de diferentes colores.<\/p>\n\n\n\n<p>Una vez dentro uno de los hombres sac\u00f3 un arma y amenaz\u00f3 a empleados como a los clientes, les exig\u00eda a gritos que se alejaran de la vitrina de los celulares de Telcel, la cual estaba ubicada a pocos metros de la entrada. <br><\/p>\n\n\n\n<p>El segundo hombre sac\u00f3 de su mochila un mazo, con el cual rompi\u00f3 el cristal de seguridad del mostrador y comenz\u00f3 a sustraer tel\u00e9fonos y art\u00edculos electr\u00f3nicos.<\/p>\n\n\n\n<p>El robo dur\u00f3 aproximadamente tres minutos, con la mochila llena, ambos asaltantes salieron tranquilamente por la puerta principal y se dirigieron a una motocicleta en la que hab\u00edan llegado.<\/p>\n\n\n\n<p>Uno de los guardias de seguridad que se encontraba en el estacionamiento relat\u00f3 que al intentar acercarse, los delincuentes le apuntaron con el arma, por lo que solo pudo resguardarse, cabe mencionar que el vigilante explic\u00f3 que trabaja en el \u00e1rea externa del establecimiento y por ello no porta armas, por lo que su actuaci\u00f3n se limit\u00f3 a evitar el enfrentamiento.<\/p>\n\n\n\n<p>Tras el atraco, la tienda continu\u00f3 operando con normalidad, aunque algunos clientes se mostraban visiblemente conmocionados por el hecho, la vitrina qued\u00f3 completamente destruida y fue acordonada por el personal.<\/p>\n\n\n\n<p>Foto: A quien corres<\/p>\n\n\n\n<p><\/p>\n\n\n\n<p><\/p>\n\n\n\n<p><\/p>\n\n\n\n<p><\/p>\n\n\n\n<p><\/p>\n\n\n\n<p><\/p>\n\n\n\n<p><\/p>\n\n\n\n<p><\/p>\n\n\n\n<p><\/p>\n\n\n\n<p><\/p>\n\n\n\n<p><\/p>\n\n\n\n<p><\/p>\n\n\n\n<p><\/p>\n\n\n\n<p><\/p>\n\n\n\n<p><\/p>\n\n\n\n<p><\/p>\n\n\n\n<p><\/p>\n\n\n\n<p><\/p>\n\n\n\n<p><\/p>\n\n\n\n<p><\/p>\n\n\n\n<p><\/p>\n\n\n\n<p><\/p>\n\n\n\n<p><\/p>\n\n\n\n<p><\/p>\n\n\n\n<p><\/p>\n\n\n\n<p><\/p>\n\n\n\n<p><\/p>\n\n\n\n<p><\/p>\n\n\n\n<p><\/p>\n\n\n\n<p><\/p>\n\n\n\n<p><\/p>\n\n\n\n<p><\/p>\n\n\n\n<p><\/p>\n\n\n\n<hr class=\"wp-block-separator has-alpha-channel-opacity\"\/>\n","protected":false},"excerpt":{"rendered":"<p>Nadya Limas \/ Morelos CUERNAVACA, MOR.\u2014\u00a0Dos hombres armados asaltaron la ma\u00f1ana de este domingo la tienda Sam\u2019s Club ubicada sobre la avenida Vicente Guerrero, en la capital del estado llev\u00e1ndose tel\u00e9fonos celulares y accesorios de una vitrina de la entrada del s\u00faper mercado. De acuerdo con trabajadores del establecimiento los sujetos ingresaron a primera hora [&hellip;]<\/p>\n","protected":false},"author":3,"featured_media":1325,"comment_status":"open","ping_status":"open","sticky":false,"template":"","format":"standard","meta":{"_jetpack_memberships_contains_paid_content":false,"footnotes":""},"categories":[13],"tags":[],"class_list":["post-1324","post","type-post","status-publish","format-standard","has-post-thumbnail","hentry","category-local"],"jetpack_featured_media_url":"http:\/\/apdnoticias.com\/wp-content\/uploads\/2025\/06\/IMG_8510.jpeg","jetpack_sharing_enabled":true,"_links":{"self":[{"href":"http:\/\/apdnoticias.com\/index.php?rest_route=\/wp\/v2\/posts\/1324","targetHints":{"allow":["GET"]}}],"collection":[{"href":"http:\/\/apdnoticias.com\/index.php?rest_route=\/wp\/v2\/posts"}],"about":[{"href":"http:\/\/apdnoticias.com\/index.php?rest_route=\/wp\/v2\/types\/post"}],"author":[{"embeddable":true,"href":"http:\/\/apdnoticias.com\/index.php?rest_route=\/wp\/v2\/users\/3"}],"replies":[{"embeddable":true,"href":"http:\/\/apdnoticias.com\/index.php?rest_route=%2Fwp%2Fv2%2Fcomments&post=1324"}],"version-history":[{"count":3,"href":"http:\/\/apdnoticias.com\/index.php?rest_route=\/wp\/v2\/posts\/1324\/revisions"}],"predecessor-version":[{"id":1328,"href":"http:\/\/apdnoticias.com\/index.php?rest_route=\/wp\/v2\/posts\/1324\/revisions\/1328"}],"wp:featuredmedia":[{"embeddable":true,"href":"http:\/\/apdnoticias.com\/index.php?rest_route=\/wp\/v2\/media\/1325"}],"wp:attachment":[{"href":"http:\/\/apdnoticias.com\/index.php?rest_route=%2Fwp%2Fv2%2Fmedia&parent=1324"}],"wp:term":[{"taxonomy":"category","embeddable":true,"href":"http:\/\/apdnoticias.com\/index.php?rest_route=%2Fwp%2Fv2%2Fcategories&post=1324"},{"taxonomy":"post_tag","embeddable":true,"href":"http:\/\/apdnoticias.com\/index.php?rest_route=%2Fwp%2Fv2%2Ftags&post=1324"}],"curies":[{"name":"wp","href":"https:\/\/api.w.org\/{rel}","templated":true}]}}