{"id":1336,"date":"2025-06-30T02:20:29","date_gmt":"2025-06-30T02:20:29","guid":{"rendered":"https:\/\/apdnoticias.com\/?p=1336"},"modified":"2025-06-30T02:20:29","modified_gmt":"2025-06-30T02:20:29","slug":"muere-nina-de-dos-anos-tras-recibir-un-disparo-en-la-cabeza-en-tlaltizapan","status":"publish","type":"post","link":"http:\/\/apdnoticias.com\/?p=1336","title":{"rendered":"Muere ni\u00f1a de dos a\u00f1os tras recibir un disparo en la cabeza en Tlaltizap\u00e1n"},"content":{"rendered":"\n<p><em>Nadya Limas \/ Morelos<\/em><\/p>\n\n\n\n<p><strong>TLALTIZAP\u00c1N, MOR.\u2014<\/strong>\u00a0Una ni\u00f1a de dos a\u00f1os de edad perdi\u00f3 la vida la tarde de este domingo, tras recibir un disparos en la cabeza en la colonia El Topil. <\/p>\n\n\n\n<p>De acuerdo con informaci\u00f3n oficial, el reporte sobre una menor lesionada por arma de fuego se recibi\u00f3 alrededor de las 17:46 horas, donde elementos de la polic\u00eda municipal acudieron al lugar, en donde hallaron a la ni\u00f1a inconsciente y con una herida en la cabeza.<\/p>\n\n\n\n<p>Enseguida arribaron param\u00e9dicos al sitio sitio y confirmaron que la menor ya no presentaba signos vitales.<\/p>\n\n\n\n<p>La zona fue acordonada por elementos de seguridad estatal, mientras personal de la Fiscal\u00eda General del Estado (FGE) realiz\u00f3 las diligencias correspondientes para integrar la carpeta de investigaci\u00f3n.<\/p>\n\n\n\n<p>Hasta el momento, las autoridades no han informado sobre las circunstancias en las que ocurri\u00f3 el hecho, ni se ha identificado a presuntos responsables. <\/p>\n","protected":false},"excerpt":{"rendered":"<p>Nadya Limas \/ Morelos TLALTIZAP\u00c1N, MOR.\u2014\u00a0Una ni\u00f1a de dos a\u00f1os de edad perdi\u00f3 la vida la tarde de este domingo, tras recibir un disparos en la cabeza en la colonia El Topil. De acuerdo con informaci\u00f3n oficial, el reporte sobre una menor lesionada por arma de fuego se recibi\u00f3 alrededor de las 17:46 horas, donde [&hellip;]<\/p>\n","protected":false},"author":3,"featured_media":1337,"comment_status":"open","ping_status":"open","sticky":false,"template":"","format":"standard","meta":{"_jetpack_memberships_contains_paid_content":false,"footnotes":""},"categories":[5],"tags":[],"class_list":["post-1336","post","type-post","status-publish","format-standard","has-post-thumbnail","hentry","category-morelos"],"jetpack_featured_media_url":"http:\/\/apdnoticias.com\/wp-content\/uploads\/2025\/06\/IMG_8525.jpeg","jetpack_sharing_enabled":true,"_links":{"self":[{"href":"http:\/\/apdnoticias.com\/index.php?rest_route=\/wp\/v2\/posts\/1336","targetHints":{"allow":["GET"]}}],"collection":[{"href":"http:\/\/apdnoticias.com\/index.php?rest_route=\/wp\/v2\/posts"}],"about":[{"href":"http:\/\/apdnoticias.com\/index.php?rest_route=\/wp\/v2\/types\/post"}],"author":[{"embeddable":true,"href":"http:\/\/apdnoticias.com\/index.php?rest_route=\/wp\/v2\/users\/3"}],"replies":[{"embeddable":true,"href":"http:\/\/apdnoticias.com\/index.php?rest_route=%2Fwp%2Fv2%2Fcomments&post=1336"}],"version-history":[{"count":1,"href":"http:\/\/apdnoticias.com\/index.php?rest_route=\/wp\/v2\/posts\/1336\/revisions"}],"predecessor-version":[{"id":1338,"href":"http:\/\/apdnoticias.com\/index.php?rest_route=\/wp\/v2\/posts\/1336\/revisions\/1338"}],"wp:featuredmedia":[{"embeddable":true,"href":"http:\/\/apdnoticias.com\/index.php?rest_route=\/wp\/v2\/media\/1337"}],"wp:attachment":[{"href":"http:\/\/apdnoticias.com\/index.php?rest_route=%2Fwp%2Fv2%2Fmedia&parent=1336"}],"wp:term":[{"taxonomy":"category","embeddable":true,"href":"http:\/\/apdnoticias.com\/index.php?rest_route=%2Fwp%2Fv2%2Fcategories&post=1336"},{"taxonomy":"post_tag","embeddable":true,"href":"http:\/\/apdnoticias.com\/index.php?rest_route=%2Fwp%2Fv2%2Ftags&post=1336"}],"curies":[{"name":"wp","href":"https:\/\/api.w.org\/{rel}","templated":true}]}}