{"id":1343,"date":"2025-07-01T22:19:52","date_gmt":"2025-07-01T22:19:52","guid":{"rendered":"https:\/\/apdnoticias.com\/?p=1343"},"modified":"2025-07-01T22:19:52","modified_gmt":"2025-07-01T22:19:52","slug":"roberto-n-fue-aprehendido-por-maltrato-y-crueldad-animal-en-agravio-del-perro-bayleis","status":"publish","type":"post","link":"http:\/\/apdnoticias.com\/?p=1343","title":{"rendered":"Roberto \u201cN\u201d fue aprehendido por maltrato y crueldad animal en agravio del perro Bayleis"},"content":{"rendered":"\n<p>La denuncia fue presentada por organizaci\u00f3n protectora de animales<\/p>\n\n\n\n<p>La Fiscal\u00eda General del Estado (FGE) de Morelos informa que elementos de la Agencia de Investigaci\u00f3n Criminal (AIC) cumplimentaron una orden de aprehensi\u00f3n en contra de Roberto \u201cN\u201d, por su probable responsabilidad en los delitos de maltrato y crueldad animal en agravio del canino Bayleis.<\/p>\n\n\n\n<p>Gracias al acervo probatorio integrado por la Fiscal\u00eda Regional Metropolitana y al trabajo coordinado con una asociaci\u00f3n protectora de animales, la autoridad judicial emiti\u00f3 la orden de aprehensi\u00f3n por hechos presuntivos de delito registrados el pasado 20 de junio en la colonia L\u00e1zaro C\u00e1rdenas, en Cuernavaca.<\/p>\n\n\n\n<p>La asociaci\u00f3n protectora de animales inici\u00f3 la carpeta de investigaci\u00f3n al recibir mediante redes sociales una denuncia por golpes contra Bayleis por parte de su propietario. El procedimiento fue acompa\u00f1ado mediante evidencia fotogr\u00e1fica y video.<\/p>\n\n\n\n<p>El 23 de junio, una activista acudi\u00f3 al lugar de los hechos y logr\u00f3 que la madre del presunto agresor entregara al canino, quien presentaba movimientos involuntarios, estado inconsciente y signos visibles de violencia. El animal falleci\u00f3 mientras era trasladado a una cl\u00ednica veterinaria.<\/p>\n\n\n\n<p>El Ministerio P\u00fablico integr\u00f3 pruebas periciales en criminal\u00edstica, medicina veterinaria e inform\u00e1tica, adem\u00e1s de m\u00faltiples entrevistas y comparecencias de testigos directos e indirectos.<\/p>\n\n\n\n<p>El pasado 30 de junio, la Fiscal\u00eda Regional Metropolitana obtuvo del juez de control \u00f3rdenes de cateo y de aprehensi\u00f3n contra Roberto \u201cN\u201d, por su probable participaci\u00f3n en el delito de maltrato y crueldad animal agravado, previsto en el C\u00f3digo Penal del Estado de Morelos.<\/p>\n\n\n\n<p>La Fiscal\u00eda Morelos reafirma su compromiso con la protecci\u00f3n de los derechos de los animales y el combate frontal a los actos de violencia en su contra.<\/p>\n\n\n\n<p>Los presentes datos tienen el car\u00e1cter de informativos, la versi\u00f3n oficial obra en la Carpeta de Investigaci\u00f3n.<\/p>\n","protected":false},"excerpt":{"rendered":"<p>La denuncia fue presentada por organizaci\u00f3n protectora de animales La Fiscal\u00eda General del Estado (FGE) de Morelos informa que elementos de la Agencia de Investigaci\u00f3n Criminal (AIC) cumplimentaron una orden de aprehensi\u00f3n en contra de Roberto \u201cN\u201d, por su probable responsabilidad en los delitos de maltrato y crueldad animal en agravio del canino Bayleis. Gracias [&hellip;]<\/p>\n","protected":false},"author":3,"featured_media":1344,"comment_status":"open","ping_status":"open","sticky":false,"template":"","format":"standard","meta":{"_jetpack_memberships_contains_paid_content":false,"footnotes":""},"categories":[6,5],"tags":[],"class_list":["post-1343","post","type-post","status-publish","format-standard","has-post-thumbnail","hentry","category-mexico","category-morelos"],"jetpack_featured_media_url":"http:\/\/apdnoticias.com\/wp-content\/uploads\/2025\/07\/fad31620-2094-4946-9368-149df543ce11.jpeg","jetpack_sharing_enabled":true,"_links":{"self":[{"href":"http:\/\/apdnoticias.com\/index.php?rest_route=\/wp\/v2\/posts\/1343","targetHints":{"allow":["GET"]}}],"collection":[{"href":"http:\/\/apdnoticias.com\/index.php?rest_route=\/wp\/v2\/posts"}],"about":[{"href":"http:\/\/apdnoticias.com\/index.php?rest_route=\/wp\/v2\/types\/post"}],"author":[{"embeddable":true,"href":"http:\/\/apdnoticias.com\/index.php?rest_route=\/wp\/v2\/users\/3"}],"replies":[{"embeddable":true,"href":"http:\/\/apdnoticias.com\/index.php?rest_route=%2Fwp%2Fv2%2Fcomments&post=1343"}],"version-history":[{"count":1,"href":"http:\/\/apdnoticias.com\/index.php?rest_route=\/wp\/v2\/posts\/1343\/revisions"}],"predecessor-version":[{"id":1345,"href":"http:\/\/apdnoticias.com\/index.php?rest_route=\/wp\/v2\/posts\/1343\/revisions\/1345"}],"wp:featuredmedia":[{"embeddable":true,"href":"http:\/\/apdnoticias.com\/index.php?rest_route=\/wp\/v2\/media\/1344"}],"wp:attachment":[{"href":"http:\/\/apdnoticias.com\/index.php?rest_route=%2Fwp%2Fv2%2Fmedia&parent=1343"}],"wp:term":[{"taxonomy":"category","embeddable":true,"href":"http:\/\/apdnoticias.com\/index.php?rest_route=%2Fwp%2Fv2%2Fcategories&post=1343"},{"taxonomy":"post_tag","embeddable":true,"href":"http:\/\/apdnoticias.com\/index.php?rest_route=%2Fwp%2Fv2%2Ftags&post=1343"}],"curies":[{"name":"wp","href":"https:\/\/api.w.org\/{rel}","templated":true}]}}