{"id":1365,"date":"2025-07-03T19:18:57","date_gmt":"2025-07-03T19:18:57","guid":{"rendered":"https:\/\/apdnoticias.com\/?p=1365"},"modified":"2025-07-03T19:22:46","modified_gmt":"2025-07-03T19:22:46","slug":"detienen-a-ex-policia-y-actual-ayudante-municipal-en-operativo-en-cuernavaca","status":"publish","type":"post","link":"http:\/\/apdnoticias.com\/?p=1365","title":{"rendered":"Capturan a ex polic\u00eda armado en zona norte de Cuernavaca; tambi\u00e9n era funcionario auxiliar"},"content":{"rendered":"\n<p>Nadya Limas | Redacci\u00f3n <\/p>\n\n\n\n<p><strong>CUERNAVACA, MOR.<\/strong>&nbsp;\u2014 Un operativo de seguridad realizado en la colonia Lienzo del Charro deriv\u00f3 en la detenci\u00f3n de Adri\u00e1n Rivas Mill\u00e1n, ex agente de la Polic\u00eda Municipal de Cuernavaca y actual ayudante municipal, quien fue sorprendido portando un arma de fuego y un chaleco antibalas.<\/p>\n\n\n\n<p>De acuerdo con autoridades de la Secretar\u00eda de Seguridad y Protecci\u00f3n Ciudadana, fue gracias a reportes an\u00f3nimos que se logr\u00f3 ubicar al individuo en las inmediaciones de avenida Universidad, donde vecinos se\u00f1alaron movimientos inusuales vinculados a posibles actos delictivos.<\/p>\n\n\n\n<p>Miguel \u00c1ngel Urrutia Lozano, titular de la SSPC, confirm\u00f3 la detenci\u00f3n e indic\u00f3 que el ex uniformado ser\u00e1 presentado ante el Ministerio P\u00fablico, mientras la Fiscal\u00eda General del Estado analiza los elementos para definir su situaci\u00f3n jur\u00eddica.<\/p>\n\n\n\n<p>Aunque no se revelaron m\u00e1s detalles sobre el motivo de su portaci\u00f3n o su posible vinculaci\u00f3n con otros hechos, la presencia de equipo t\u00e1ctico en manos de un funcionario auxiliar genera preocupaci\u00f3n en el contexto actual de violencia e infiltraci\u00f3n en estructuras locales.<\/p>\n\n\n\n<p>Las investigaciones contin\u00faan.<\/p>\n\n\n\n<p><\/p>\n\n\n\n<p><\/p>\n\n\n\n<p><\/p>\n\n\n\n<p><\/p>\n","protected":false},"excerpt":{"rendered":"<p>Nadya Limas | Redacci\u00f3n CUERNAVACA, MOR.&nbsp;\u2014 Un operativo de seguridad realizado en la colonia Lienzo del Charro deriv\u00f3 en la detenci\u00f3n de Adri\u00e1n Rivas Mill\u00e1n, ex agente de la Polic\u00eda Municipal de Cuernavaca y actual ayudante municipal, quien fue sorprendido portando un arma de fuego y un chaleco antibalas. De acuerdo con autoridades de la [&hellip;]<\/p>\n","protected":false},"author":3,"featured_media":1366,"comment_status":"open","ping_status":"open","sticky":false,"template":"","format":"standard","meta":{"_jetpack_memberships_contains_paid_content":false,"footnotes":""},"categories":[13],"tags":[],"class_list":["post-1365","post","type-post","status-publish","format-standard","has-post-thumbnail","hentry","category-local"],"jetpack_featured_media_url":"http:\/\/apdnoticias.com\/wp-content\/uploads\/2025\/07\/IMG_8771.jpeg","jetpack_sharing_enabled":true,"_links":{"self":[{"href":"http:\/\/apdnoticias.com\/index.php?rest_route=\/wp\/v2\/posts\/1365","targetHints":{"allow":["GET"]}}],"collection":[{"href":"http:\/\/apdnoticias.com\/index.php?rest_route=\/wp\/v2\/posts"}],"about":[{"href":"http:\/\/apdnoticias.com\/index.php?rest_route=\/wp\/v2\/types\/post"}],"author":[{"embeddable":true,"href":"http:\/\/apdnoticias.com\/index.php?rest_route=\/wp\/v2\/users\/3"}],"replies":[{"embeddable":true,"href":"http:\/\/apdnoticias.com\/index.php?rest_route=%2Fwp%2Fv2%2Fcomments&post=1365"}],"version-history":[{"count":3,"href":"http:\/\/apdnoticias.com\/index.php?rest_route=\/wp\/v2\/posts\/1365\/revisions"}],"predecessor-version":[{"id":1369,"href":"http:\/\/apdnoticias.com\/index.php?rest_route=\/wp\/v2\/posts\/1365\/revisions\/1369"}],"wp:featuredmedia":[{"embeddable":true,"href":"http:\/\/apdnoticias.com\/index.php?rest_route=\/wp\/v2\/media\/1366"}],"wp:attachment":[{"href":"http:\/\/apdnoticias.com\/index.php?rest_route=%2Fwp%2Fv2%2Fmedia&parent=1365"}],"wp:term":[{"taxonomy":"category","embeddable":true,"href":"http:\/\/apdnoticias.com\/index.php?rest_route=%2Fwp%2Fv2%2Fcategories&post=1365"},{"taxonomy":"post_tag","embeddable":true,"href":"http:\/\/apdnoticias.com\/index.php?rest_route=%2Fwp%2Fv2%2Ftags&post=1365"}],"curies":[{"name":"wp","href":"https:\/\/api.w.org\/{rel}","templated":true}]}}