{"id":1376,"date":"2025-07-05T19:26:53","date_gmt":"2025-07-05T19:26:53","guid":{"rendered":"https:\/\/apdnoticias.com\/?p=1376"},"modified":"2025-07-05T19:26:53","modified_gmt":"2025-07-05T19:26:53","slug":"vinculan-a-proceso-a-hombre-por-maltrato-y-crueldad-animal-en-cuernavaca","status":"publish","type":"post","link":"http:\/\/apdnoticias.com\/?p=1376","title":{"rendered":"Vinculan a proceso a hombre por maltrato y crueldad animal en Cuernavaca"},"content":{"rendered":"\n<p>Nadya Limas <\/p>\n\n\n\n<p><em>CUERNAVACA.MOR.\u2014<\/em>\u00a0Roberto \u201cN\u201d fue vinculado a proceso por su responsabilidad en los delitos de maltrato y crueldad animal en agravio a\u00a0<em>Bayleis<\/em>, luego de que un juez de control considerara suficientes los elementos presentados por la Fiscal\u00eda General del Estado (FGE) de Morelos.<\/p>\n\n\n\n<p>Durante la audiencia, la Fiscal\u00eda Regional Metropolitana expuso el conjunto de pruebas que permitieron acreditar la probable participaci\u00f3n del imputado en los hechos ocurridos en la colonia L\u00e1zaro C\u00e1rdenas de Cuernavaca, donde roberto agredi\u00f3 f\u00edsicamente al canino hasta quitarle la vida. Como medida cautelar, el juez orden\u00f3 su permanencia en prisi\u00f3n preventiva.<\/p>\n\n\n\n<p>La denuncia inicial fue presentada por una organizaci\u00f3n protectora de animales, luego de que se difundieran en redes sociales im\u00e1genes y videos que evidenciaban los actos de violencia cometidos en contra de&nbsp;<em>Bayleis<\/em>. La agrupaci\u00f3n dio parte a las autoridades y acompa\u00f1\u00f3 el proceso legal aportando el material gr\u00e1fico correspondiente.<\/p>\n\n\n\n<p>Como resultado de la investigaci\u00f3n, el pasado 30 de junio la Fiscal\u00eda obtuvo \u00f3rdenes de cateo y aprehensi\u00f3n en contra de Roberto \u201cN\u201d, mismas que fueron ejecutadas en el domicilio se\u00f1alado.<\/p>\n\n\n\n<p>Tras analizar las pruebas reunidas, el juez resolvi\u00f3 vincularlo a proceso y mantenerlo privado de su libertad mientras contin\u00faa la investigaci\u00f3n judicial por maltrato y crueldad animal agravado, delitos tipificados en el C\u00f3digo Penal del Estado de Morelos.<\/p>\n\n\n\n<p>Cabe destacar que esta informaci\u00f3n es de car\u00e1cter informativo y la versi\u00f3n oficial forma parte de la Carpeta de Investigaci\u00f3n correspondiente.<\/p>\n","protected":false},"excerpt":{"rendered":"<p>Nadya Limas CUERNAVACA.MOR.\u2014\u00a0Roberto \u201cN\u201d fue vinculado a proceso por su responsabilidad en los delitos de maltrato y crueldad animal en agravio a\u00a0Bayleis, luego de que un juez de control considerara suficientes los elementos presentados por la Fiscal\u00eda General del Estado (FGE) de Morelos. Durante la audiencia, la Fiscal\u00eda Regional Metropolitana expuso el conjunto de pruebas [&hellip;]<\/p>\n","protected":false},"author":3,"featured_media":1377,"comment_status":"open","ping_status":"open","sticky":false,"template":"","format":"standard","meta":{"_jetpack_memberships_contains_paid_content":false,"footnotes":""},"categories":[6,5],"tags":[],"class_list":["post-1376","post","type-post","status-publish","format-standard","has-post-thumbnail","hentry","category-mexico","category-morelos"],"jetpack_featured_media_url":"http:\/\/apdnoticias.com\/wp-content\/uploads\/2025\/07\/3972da23-dae2-47c2-9cbe-27c236d1c537.jpeg","jetpack_sharing_enabled":true,"_links":{"self":[{"href":"http:\/\/apdnoticias.com\/index.php?rest_route=\/wp\/v2\/posts\/1376","targetHints":{"allow":["GET"]}}],"collection":[{"href":"http:\/\/apdnoticias.com\/index.php?rest_route=\/wp\/v2\/posts"}],"about":[{"href":"http:\/\/apdnoticias.com\/index.php?rest_route=\/wp\/v2\/types\/post"}],"author":[{"embeddable":true,"href":"http:\/\/apdnoticias.com\/index.php?rest_route=\/wp\/v2\/users\/3"}],"replies":[{"embeddable":true,"href":"http:\/\/apdnoticias.com\/index.php?rest_route=%2Fwp%2Fv2%2Fcomments&post=1376"}],"version-history":[{"count":1,"href":"http:\/\/apdnoticias.com\/index.php?rest_route=\/wp\/v2\/posts\/1376\/revisions"}],"predecessor-version":[{"id":1378,"href":"http:\/\/apdnoticias.com\/index.php?rest_route=\/wp\/v2\/posts\/1376\/revisions\/1378"}],"wp:featuredmedia":[{"embeddable":true,"href":"http:\/\/apdnoticias.com\/index.php?rest_route=\/wp\/v2\/media\/1377"}],"wp:attachment":[{"href":"http:\/\/apdnoticias.com\/index.php?rest_route=%2Fwp%2Fv2%2Fmedia&parent=1376"}],"wp:term":[{"taxonomy":"category","embeddable":true,"href":"http:\/\/apdnoticias.com\/index.php?rest_route=%2Fwp%2Fv2%2Fcategories&post=1376"},{"taxonomy":"post_tag","embeddable":true,"href":"http:\/\/apdnoticias.com\/index.php?rest_route=%2Fwp%2Fv2%2Ftags&post=1376"}],"curies":[{"name":"wp","href":"https:\/\/api.w.org\/{rel}","templated":true}]}}