{"id":1382,"date":"2025-07-08T22:23:27","date_gmt":"2025-07-08T22:23:27","guid":{"rendered":"https:\/\/apdnoticias.com\/?p=1382"},"modified":"2025-07-08T22:23:27","modified_gmt":"2025-07-08T22:23:27","slug":"cuernavaca-refrenda-su-respaldo-al-sector-restaurantero","status":"publish","type":"post","link":"http:\/\/apdnoticias.com\/?p=1382","title":{"rendered":"Cuernavaca refrenda su respaldo al sector restaurantero"},"content":{"rendered":"\n<p>El alcalde Jos\u00e9 Luis Uri\u00f3stegui reconoci\u00f3 a la industria restaurantera como motor econ\u00f3mico y generador de experiencias \u00fanicas, expresando su confianza en que Canirac Morelos se consolidar\u00e1 como el verdadero Sabor de M\u00e9xico<\/p>\n\n\n\n<p>En un llamado a seguir fortaleciendo uno de los sectores m\u00e1s din\u00e1micos de la econom\u00eda local, el presidente municipal de Cuernavaca, Jos\u00e9 Luis Uri\u00f3stegui Salgado, reiter\u00f3 su respaldo total a la industria restaurantera durante la toma de protesta del nuevo Consejo Directivo 2025- 2026 de la C\u00e1mara Nacional de la Industria de Restaurantes y Alimentos Condimentados (Canirac) Morelos, presidido por Karla Garc\u00eda Olgu\u00edn.<\/p>\n\n\n\n<p>Acompa\u00f1ado del secretario de Desarrollo Econ\u00f3mico y Turismo, Marcos Manuel Su\u00e1rez Gerard, el edil reconoci\u00f3 el papel clave que juegan los restaurantes en la generaci\u00f3n de empleos formales y experiencias tur\u00edsticas \u00fanicas, destacando que desde el inicio de su administraci\u00f3n se han impulsado proyectos estrat\u00e9gicos que fortalecen la econom\u00eda local, como el programa \u00abSabores Morelos\u00bb, iniciativa que, afirm\u00f3, cuenta con el respaldo absoluto del Ayuntamiento.<\/p>\n\n\n\n<p>\u00abDesde quienes reciben en la puerta, hasta quienes lavan los trastes, cocinan o venden la materia prima: todos forman parte de una gran cadena que hace posible esta industria, que no solo alimenta, sino que crea comunidad, memorias y crecimiento\u201d, se\u00f1al\u00f3 Uri\u00f3stegui Salgado.<\/p>\n\n\n\n<p>Finalmente, celebr\u00f3 la nueva etapa de Canirac Morelos, convencido de que el liderazgo de Karla Garc\u00eda Olgu\u00edn posicionar\u00e1 a la entidad como un referente nacional: \u00abGracias a la oferta gastron\u00f3mica, van a lograr que Canirac Morelos sea el Sabor de M\u00e9xico. Muchas felicidades\u201d, concluy\u00f3.<\/p>\n","protected":false},"excerpt":{"rendered":"<p>El alcalde Jos\u00e9 Luis Uri\u00f3stegui reconoci\u00f3 a la industria restaurantera como motor econ\u00f3mico y generador de experiencias \u00fanicas, expresando su confianza en que Canirac Morelos se consolidar\u00e1 como el verdadero Sabor de M\u00e9xico En un llamado a seguir fortaleciendo uno de los sectores m\u00e1s din\u00e1micos de la econom\u00eda local, el presidente municipal de Cuernavaca, Jos\u00e9 [&hellip;]<\/p>\n","protected":false},"author":3,"featured_media":1383,"comment_status":"open","ping_status":"open","sticky":false,"template":"","format":"standard","meta":{"_jetpack_memberships_contains_paid_content":false,"footnotes":""},"categories":[13],"tags":[],"class_list":["post-1382","post","type-post","status-publish","format-standard","has-post-thumbnail","hentry","category-local"],"jetpack_featured_media_url":"http:\/\/apdnoticias.com\/wp-content\/uploads\/2025\/07\/648B58D4-0AAA-4DD8-870A-A7512C09D33D.jpeg","jetpack_sharing_enabled":true,"_links":{"self":[{"href":"http:\/\/apdnoticias.com\/index.php?rest_route=\/wp\/v2\/posts\/1382","targetHints":{"allow":["GET"]}}],"collection":[{"href":"http:\/\/apdnoticias.com\/index.php?rest_route=\/wp\/v2\/posts"}],"about":[{"href":"http:\/\/apdnoticias.com\/index.php?rest_route=\/wp\/v2\/types\/post"}],"author":[{"embeddable":true,"href":"http:\/\/apdnoticias.com\/index.php?rest_route=\/wp\/v2\/users\/3"}],"replies":[{"embeddable":true,"href":"http:\/\/apdnoticias.com\/index.php?rest_route=%2Fwp%2Fv2%2Fcomments&post=1382"}],"version-history":[{"count":1,"href":"http:\/\/apdnoticias.com\/index.php?rest_route=\/wp\/v2\/posts\/1382\/revisions"}],"predecessor-version":[{"id":1384,"href":"http:\/\/apdnoticias.com\/index.php?rest_route=\/wp\/v2\/posts\/1382\/revisions\/1384"}],"wp:featuredmedia":[{"embeddable":true,"href":"http:\/\/apdnoticias.com\/index.php?rest_route=\/wp\/v2\/media\/1383"}],"wp:attachment":[{"href":"http:\/\/apdnoticias.com\/index.php?rest_route=%2Fwp%2Fv2%2Fmedia&parent=1382"}],"wp:term":[{"taxonomy":"category","embeddable":true,"href":"http:\/\/apdnoticias.com\/index.php?rest_route=%2Fwp%2Fv2%2Fcategories&post=1382"},{"taxonomy":"post_tag","embeddable":true,"href":"http:\/\/apdnoticias.com\/index.php?rest_route=%2Fwp%2Fv2%2Ftags&post=1382"}],"curies":[{"name":"wp","href":"https:\/\/api.w.org\/{rel}","templated":true}]}}