{"id":1467,"date":"2025-07-28T02:21:08","date_gmt":"2025-07-28T02:21:08","guid":{"rendered":"https:\/\/apdnoticias.com\/?p=1467"},"modified":"2025-07-28T02:21:08","modified_gmt":"2025-07-28T02:21:08","slug":"refrenda-cuernavaca-y-japon-compromiso-de-colaboracion-bilateral","status":"publish","type":"post","link":"http:\/\/apdnoticias.com\/?p=1467","title":{"rendered":"Refrenda Cuernavaca y Jap\u00f3n compromiso de colaboraci\u00f3n bilateral"},"content":{"rendered":"\n<p>\u2022 El alcalde Jos\u00e9 Luis Uri\u00f3stegui recibi\u00f3 al ministro Tsukasa Hirota, encargado de Negocios a.i. de la Embajada de Jap\u00f3n en M\u00e9xico, en una visita que refuerza los lazos hist\u00f3ricos y la cooperaci\u00f3n con Cuernavaca<\/p>\n\n\n\n<p>El presidente municipal de Cuernavaca, Jos\u00e9 Luis Uri\u00f3stegui Salgado, recibi\u00f3 este domingo al ministro Tsukasa Hirota, encargado de Negocios a.i. de la Embajada de Jap\u00f3n en M\u00e9xico, en una visita que reafirma los lazos hist\u00f3ricos de amistad y cooperaci\u00f3n entre la capital morelense y el pueblo japon\u00e9s.<\/p>\n\n\n\n<p>Durante el encuentro, ambas autoridades dialogaron sobre la importancia de mantener una agenda bilateral activa que contin\u00fae promoviendo el intercambio cultural, educativo y econ\u00f3mico entre Cuernavaca y diversas ciudades japonesas con las que mantiene relaciones de hermanamiento. Este tipo de v\u00ednculos contribuyen a fortalecer el desarrollo local, promover el turismo y fomentar la comprensi\u00f3n mutua entre naciones.<\/p>\n\n\n\n<p>Como parte de esta visita diplom\u00e1tica, el alcalde Uri\u00f3stegui Salgado acompa\u00f1\u00f3 al Ministro Hirota al Campeonato Estatal de Escaramuzas Morelos 2025, donde equipos locales compitieron para obtener su pase al Campeonato Nacional de Charrer\u00eda. El evento es una de las m\u00e1s grandes celebraciones de la charrer\u00eda en la regi\u00f3n y re\u00fane a miles de espectadores que disfrutan de este deporte ecuestre que forma parte de la identidad de los mexicanos.<\/p>\n\n\n\n<p>El encuentro reafirma la voluntad del gobierno municipal de fortalecer la colaboraci\u00f3n con aliados internacionales en favor de la paz, el entendimiento mutuo y la cooperaci\u00f3n global.<\/p>\n","protected":false},"excerpt":{"rendered":"<p>\u2022 El alcalde Jos\u00e9 Luis Uri\u00f3stegui recibi\u00f3 al ministro Tsukasa Hirota, encargado de Negocios a.i. de la Embajada de Jap\u00f3n en M\u00e9xico, en una visita que refuerza los lazos hist\u00f3ricos y la cooperaci\u00f3n con Cuernavaca El presidente municipal de Cuernavaca, Jos\u00e9 Luis Uri\u00f3stegui Salgado, recibi\u00f3 este domingo al ministro Tsukasa Hirota, encargado de Negocios a.i. [&hellip;]<\/p>\n","protected":false},"author":3,"featured_media":1468,"comment_status":"open","ping_status":"open","sticky":false,"template":"","format":"standard","meta":{"_jetpack_memberships_contains_paid_content":false,"footnotes":""},"categories":[6],"tags":[],"class_list":["post-1467","post","type-post","status-publish","format-standard","has-post-thumbnail","hentry","category-mexico"],"jetpack_featured_media_url":"http:\/\/apdnoticias.com\/wp-content\/uploads\/2025\/07\/DA5EBE6E-237C-4F06-8CBD-A0882E3B4534.jpeg","jetpack_sharing_enabled":true,"_links":{"self":[{"href":"http:\/\/apdnoticias.com\/index.php?rest_route=\/wp\/v2\/posts\/1467","targetHints":{"allow":["GET"]}}],"collection":[{"href":"http:\/\/apdnoticias.com\/index.php?rest_route=\/wp\/v2\/posts"}],"about":[{"href":"http:\/\/apdnoticias.com\/index.php?rest_route=\/wp\/v2\/types\/post"}],"author":[{"embeddable":true,"href":"http:\/\/apdnoticias.com\/index.php?rest_route=\/wp\/v2\/users\/3"}],"replies":[{"embeddable":true,"href":"http:\/\/apdnoticias.com\/index.php?rest_route=%2Fwp%2Fv2%2Fcomments&post=1467"}],"version-history":[{"count":1,"href":"http:\/\/apdnoticias.com\/index.php?rest_route=\/wp\/v2\/posts\/1467\/revisions"}],"predecessor-version":[{"id":1469,"href":"http:\/\/apdnoticias.com\/index.php?rest_route=\/wp\/v2\/posts\/1467\/revisions\/1469"}],"wp:featuredmedia":[{"embeddable":true,"href":"http:\/\/apdnoticias.com\/index.php?rest_route=\/wp\/v2\/media\/1468"}],"wp:attachment":[{"href":"http:\/\/apdnoticias.com\/index.php?rest_route=%2Fwp%2Fv2%2Fmedia&parent=1467"}],"wp:term":[{"taxonomy":"category","embeddable":true,"href":"http:\/\/apdnoticias.com\/index.php?rest_route=%2Fwp%2Fv2%2Fcategories&post=1467"},{"taxonomy":"post_tag","embeddable":true,"href":"http:\/\/apdnoticias.com\/index.php?rest_route=%2Fwp%2Fv2%2Ftags&post=1467"}],"curies":[{"name":"wp","href":"https:\/\/api.w.org\/{rel}","templated":true}]}}