{"id":1479,"date":"2025-07-29T03:37:21","date_gmt":"2025-07-29T03:37:21","guid":{"rendered":"https:\/\/apdnoticias.com\/?p=1479"},"modified":"2025-07-29T03:37:21","modified_gmt":"2025-07-29T03:37:21","slug":"cuernavaca-afirma-convenio-historico-con-cfe-para-reducir-deuda-con-sapac","status":"publish","type":"post","link":"http:\/\/apdnoticias.com\/?p=1479","title":{"rendered":"Cuernavaca afirma convenio hist\u00f3rico con CFE para reducir deuda con Sapac"},"content":{"rendered":"\n<p>\u2022 El Ayuntamiento de Cuernavaca se suma al programa \u201cPeso por Peso\u201d que reducir\u00e1 a la mitad la deuda hist\u00f3rica de SAPAC con CFE, pasando de 279 a 139 millones de pesos<\/p>\n\n\n\n<p>En un paso decisivo para sanear las finanzas municipales y mejorar los servicios p\u00fablicos, el Ayuntamiento de Cuernavaca firm\u00f3 este lunes un convenio hist\u00f3rico con la Comisi\u00f3n Federal de Electricidad (CFE) para adherirse al programa \u201cPeso por Peso\u201d, con el cual se lograr\u00e1 reducir de manera significativa el adeudo hist\u00f3rico del Sistema de Agua Potable y Alcantarillado de Cuernavaca (SAPAC).<\/p>\n\n\n\n<p>El presidente municipal, Jos\u00e9 Luis Uri\u00f3stegui Salgado, inform\u00f3 que, gracias a este acuerdo, la deuda heredada del periodo 2018\u2013 2021, que originalmente ascend\u00eda a 279 millones de pesos, se reducir\u00e1 a 139 millones de pesos, lo que representa un alivio sustancial para las finanzas de SAPAC. Explic\u00f3 que esta reducci\u00f3n fue posible gracias a un esquema en el que, tanto el Ayuntamiento como la CFE, aportar\u00e1n un peso por cada peso pagado para saldar el compromiso pendiente.<\/p>\n\n\n\n<p>\u201cHoy es un d\u00eda hist\u00f3rico para Cuernavaca. Estamos logrando un avance real en el saneamiento de SAPAC, gracias a un manejo riguroso de las finanzas p\u00fablicas, la austeridad y el compromiso de generar inversi\u00f3n en beneficio de la poblaci\u00f3n\u201d, afirm\u00f3 el alcalde, acompa\u00f1ado por integrantes del Cabildo y el Gabinete municipal.<\/p>\n\n\n\n<p>El convenio establece pagos mensuales de tres millones de pesos durante cuatro a\u00f1os, del 01 de enero de 2025 al mes de octubre de 2028, salvo el \u00faltimo pago, que ser\u00e1 de un mill\u00f3n 780 mil pesos. Con ello, SAPAC podr\u00e1 reorientar recursos para mejorar la calidad y cantidad del agua potable, as\u00ed como realizar inversiones en infraestructura hidr\u00e1ulica.<\/p>\n\n\n\n<p>Por parte de la CFE, Graciela Ram\u00edrez Popoca, representante de la zona comercial de la Divisi\u00f3n Centro- Sur, reconoci\u00f3 la voluntad del alcalde Jos\u00e9 Luis Uri\u00f3stegui para buscar soluciones a este adeudo hist\u00f3rico que ha impactado de manera significativa al municipio, incluso desde antes de asumir su cargo en 2022, lo que hoy permite concretar este convenio que calific\u00f3 como altamente ben\u00e9fico para el organismo operador de agua.<\/p>\n\n\n\n<p>En la firma estuvieron presentes las regidoras y regidores Miriam Barajas Basilio, Erika Lastra Jaimes, Elia Ortiz Garc\u00eda, Paz Hern\u00e1ndez Pardo, Alfredo Gonz\u00e1lez S\u00e1nchez y Hugo Bar\u00f3n Pulido; as\u00ed como el diputado federal Adri\u00e1n Mart\u00ednez Terrazas, el diputado local Daniel Mart\u00ednez Terrazas, el secretario del Ayuntamiento \u00d3scar Cano Mondrag\u00f3n, y el tesorero municipal Javier Arozarena Salazar. Por parte de CFE, acudieron Miguel Dom\u00ednguez G\u00f3mez, responsable de asuntos jur\u00eddicos, y Rosalba Espinoza Figueroa, responsable de Procesos Comerciales, ambos de la Divisi\u00f3n Centro- Sur.<\/p>\n\n\n\n<p>Con esta acci\u00f3n, el Gobierno Municipal de Cuernavaca reitera su compromiso con una administraci\u00f3n responsable, eficiente y transparente, enfocada en resolver de fondo los problemas que han afectado por a\u00f1os a la ciudad.<\/p>\n","protected":false},"excerpt":{"rendered":"<p>\u2022 El Ayuntamiento de Cuernavaca se suma al programa \u201cPeso por Peso\u201d que reducir\u00e1 a la mitad la deuda hist\u00f3rica de SAPAC con CFE, pasando de 279 a 139 millones de pesos En un paso decisivo para sanear las finanzas municipales y mejorar los servicios p\u00fablicos, el Ayuntamiento de Cuernavaca firm\u00f3 este lunes un convenio [&hellip;]<\/p>\n","protected":false},"author":3,"featured_media":1480,"comment_status":"open","ping_status":"open","sticky":false,"template":"","format":"standard","meta":{"_jetpack_memberships_contains_paid_content":false,"footnotes":""},"categories":[13],"tags":[],"class_list":["post-1479","post","type-post","status-publish","format-standard","has-post-thumbnail","hentry","category-local"],"jetpack_featured_media_url":"http:\/\/apdnoticias.com\/wp-content\/uploads\/2025\/07\/37c82b2a-a766-4262-a313-73b58c25775d-scaled.jpeg","jetpack_sharing_enabled":true,"_links":{"self":[{"href":"http:\/\/apdnoticias.com\/index.php?rest_route=\/wp\/v2\/posts\/1479","targetHints":{"allow":["GET"]}}],"collection":[{"href":"http:\/\/apdnoticias.com\/index.php?rest_route=\/wp\/v2\/posts"}],"about":[{"href":"http:\/\/apdnoticias.com\/index.php?rest_route=\/wp\/v2\/types\/post"}],"author":[{"embeddable":true,"href":"http:\/\/apdnoticias.com\/index.php?rest_route=\/wp\/v2\/users\/3"}],"replies":[{"embeddable":true,"href":"http:\/\/apdnoticias.com\/index.php?rest_route=%2Fwp%2Fv2%2Fcomments&post=1479"}],"version-history":[{"count":1,"href":"http:\/\/apdnoticias.com\/index.php?rest_route=\/wp\/v2\/posts\/1479\/revisions"}],"predecessor-version":[{"id":1481,"href":"http:\/\/apdnoticias.com\/index.php?rest_route=\/wp\/v2\/posts\/1479\/revisions\/1481"}],"wp:featuredmedia":[{"embeddable":true,"href":"http:\/\/apdnoticias.com\/index.php?rest_route=\/wp\/v2\/media\/1480"}],"wp:attachment":[{"href":"http:\/\/apdnoticias.com\/index.php?rest_route=%2Fwp%2Fv2%2Fmedia&parent=1479"}],"wp:term":[{"taxonomy":"category","embeddable":true,"href":"http:\/\/apdnoticias.com\/index.php?rest_route=%2Fwp%2Fv2%2Fcategories&post=1479"},{"taxonomy":"post_tag","embeddable":true,"href":"http:\/\/apdnoticias.com\/index.php?rest_route=%2Fwp%2Fv2%2Ftags&post=1479"}],"curies":[{"name":"wp","href":"https:\/\/api.w.org\/{rel}","templated":true}]}}