{"id":1488,"date":"2025-07-30T15:15:51","date_gmt":"2025-07-30T15:15:51","guid":{"rendered":"https:\/\/apdnoticias.com\/?p=1488"},"modified":"2025-07-30T15:15:51","modified_gmt":"2025-07-30T15:15:51","slug":"nissan-confirma-cierre-de-su-planta-en-morelos-tras-casi-seis-decadas-de-operacion","status":"publish","type":"post","link":"http:\/\/apdnoticias.com\/?p=1488","title":{"rendered":"Nissan confirma cierre de su planta en Morelos tras casi seis d\u00e9cadas de operaci\u00f3n"},"content":{"rendered":"\n<p><br>Nadya Limas <\/p>\n\n\n\n<p>CUERNAVACA,MOR. La automotriz japonesa\u00a0Nissan\u00a0anunci\u00f3 oficialmente el\u00a0cierre progresivo de su planta de producci\u00f3n CIVAC, ubicada en el estado de Morelos, como parte de su plan global de reestructuraci\u00f3n denominado\u00a0<em>Re:Nissan<\/em>. La hist\u00f3rica f\u00e1brica \u2014la primera fuera de Jap\u00f3n, inaugurada en 1966\u2014 dejar\u00e1 de operar definitivamente antes de marzo de 2026.<\/p>\n\n\n\n<p>La empresa detall\u00f3 que\u00a0trasladar\u00e1 toda su producci\u00f3n nacional\u00a0al complejo industrial de\u00a0Aguascalientes, el cual cuenta con tecnolog\u00eda m\u00e1s moderna, mayor capacidad operativa y ventajas log\u00edsticas que mejoran la eficiencia.<\/p>\n\n\n\n<blockquote class=\"wp-block-quote is-layout-flow wp-block-quote-is-layout-flow\">\n<p>\u201cEsta decisi\u00f3n forma parte de una estrategia para consolidar nuestras operaciones en instalaciones m\u00e1s eficientes que nos permitan seguir siendo competitivos en un mercado cambiante\u201d, explic\u00f3 Iv\u00e1n Espinosa, vicepresidente global de planificaci\u00f3n de productos de Nissan.<\/p>\n<\/blockquote>\n\n\n\n<h3 class=\"wp-block-heading\">\ud83d\udd0d Motivos del cierre<\/h3>\n\n\n\n<p>El cierre responde a varios factores estrat\u00e9gicos:<\/p>\n\n\n\n<ul class=\"wp-block-list\">\n<li><strong>Reducci\u00f3n de costos<\/strong>: Nissan busca disminuir su capacidad global de producci\u00f3n de 3.5 a 2.5 millones de unidades anuales para 2027.<\/li>\n\n\n\n<li><strong>Modernizaci\u00f3n<\/strong>: La planta en Morelos es una de las m\u00e1s antiguas, mientras que el complejo de Aguascalientes cuenta con infraestructura de \u00faltima generaci\u00f3n.<\/li>\n\n\n\n<li><strong>Presi\u00f3n del mercado<\/strong>: La empresa enfrenta retos como la baja en ventas globales, la competencia con marcas chinas y los recientes aranceles en EE.UU., lo que ha afectado sus finanzas.<\/li>\n<\/ul>\n\n\n\n<h3 class=\"wp-block-heading\">\ud83d\udc65 Impacto laboral<\/h3>\n\n\n\n<p>El cierre de la planta impactar\u00e1 directamente a&nbsp;<strong>alrededor de 3,500 trabajadores<\/strong>. La empresa afirm\u00f3 que implementar\u00e1 un plan de liquidaci\u00f3n conforme a la ley y ya se convoc\u00f3 a una asamblea sindical para informar a los empleados sobre el proceso de cierre.<\/p>\n\n\n\n<p>Durante casi seis d\u00e9cadas,&nbsp;<strong>la planta CIVAC produjo m\u00e1s de 6.5 millones de veh\u00edculos<\/strong>, siendo clave en el desarrollo industrial de la regi\u00f3n y el pa\u00eds.<\/p>\n\n\n\n<h3 class=\"wp-block-heading\">\ud83e\uddfe Operaciones comerciales contin\u00faan<\/h3>\n\n\n\n<p>Pese al cierre, Nissan asegur\u00f3 que\u00a0las operaciones de ventas, distribuci\u00f3n y servicio en M\u00e9xico continuar\u00e1n con normalidad, al igual que el suministro de veh\u00edculos a los mercados nacionales e internacionales desde su planta en Aguascalientes.<\/p>\n\n\n\n<p>Con esta medida, Nissan pone fin a una etapa hist\u00f3rica en Morelos. La planta CIVAC no solo fue pionera en la expansi\u00f3n global de la marca, sino tambi\u00e9n un motor econ\u00f3mico clave para el centro del pa\u00eds. La reestructuraci\u00f3n marca el inicio de una nueva etapa para la automotriz en M\u00e9xico, con una visi\u00f3n enfocada en la eficiencia, tecnolog\u00eda y sostenibilidad.<\/p>\n\n\n\n<p><\/p>\n\n\n\n<p><\/p>\n\n\n\n<p><\/p>\n\n\n\n<p><\/p>\n\n\n\n<p><\/p>\n\n\n\n<p><\/p>\n\n\n\n<p><\/p>\n\n\n\n<p><\/p>\n\n\n\n<p><\/p>\n\n\n\n<p><\/p>\n\n\n\n<p><\/p>\n\n\n\n<p><\/p>\n\n\n\n<p><\/p>\n\n\n\n<p><\/p>\n\n\n\n<p><\/p>\n\n\n\n<p><\/p>\n\n\n\n<p><\/p>\n\n\n\n<p><\/p>\n\n\n\n<p><\/p>\n\n\n\n<p><\/p>\n\n\n\n<p><\/p>\n\n\n\n<p><\/p>\n\n\n\n<p><\/p>\n\n\n\n<p><\/p>\n\n\n\n<p><\/p>\n\n\n\n<p><\/p>\n\n\n\n<p><\/p>\n\n\n\n<p><\/p>\n\n\n\n<p><\/p>\n\n\n\n<p><\/p>\n\n\n\n<p><\/p>\n\n\n\n<p><\/p>\n\n\n\n<p><\/p>\n\n\n\n<p><\/p>\n\n\n\n<hr class=\"wp-block-separator has-alpha-channel-opacity\"\/>\n\n\n\n<h3 class=\"wp-block-heading\"><\/h3>\n\n\n\n<p><\/p>\n","protected":false},"excerpt":{"rendered":"<p>Nadya Limas CUERNAVACA,MOR. La automotriz japonesa\u00a0Nissan\u00a0anunci\u00f3 oficialmente el\u00a0cierre progresivo de su planta de producci\u00f3n CIVAC, ubicada en el estado de Morelos, como parte de su plan global de reestructuraci\u00f3n denominado\u00a0Re:Nissan. La hist\u00f3rica f\u00e1brica \u2014la primera fuera de Jap\u00f3n, inaugurada en 1966\u2014 dejar\u00e1 de operar definitivamente antes de marzo de 2026. La empresa detall\u00f3 que\u00a0trasladar\u00e1 toda [&hellip;]<\/p>\n","protected":false},"author":3,"featured_media":1489,"comment_status":"open","ping_status":"open","sticky":false,"template":"","format":"standard","meta":{"_jetpack_memberships_contains_paid_content":false,"footnotes":""},"categories":[5],"tags":[],"class_list":["post-1488","post","type-post","status-publish","format-standard","has-post-thumbnail","hentry","category-morelos"],"jetpack_featured_media_url":"http:\/\/apdnoticias.com\/wp-content\/uploads\/2025\/07\/IMG_0264.jpeg","jetpack_sharing_enabled":true,"_links":{"self":[{"href":"http:\/\/apdnoticias.com\/index.php?rest_route=\/wp\/v2\/posts\/1488","targetHints":{"allow":["GET"]}}],"collection":[{"href":"http:\/\/apdnoticias.com\/index.php?rest_route=\/wp\/v2\/posts"}],"about":[{"href":"http:\/\/apdnoticias.com\/index.php?rest_route=\/wp\/v2\/types\/post"}],"author":[{"embeddable":true,"href":"http:\/\/apdnoticias.com\/index.php?rest_route=\/wp\/v2\/users\/3"}],"replies":[{"embeddable":true,"href":"http:\/\/apdnoticias.com\/index.php?rest_route=%2Fwp%2Fv2%2Fcomments&post=1488"}],"version-history":[{"count":1,"href":"http:\/\/apdnoticias.com\/index.php?rest_route=\/wp\/v2\/posts\/1488\/revisions"}],"predecessor-version":[{"id":1490,"href":"http:\/\/apdnoticias.com\/index.php?rest_route=\/wp\/v2\/posts\/1488\/revisions\/1490"}],"wp:featuredmedia":[{"embeddable":true,"href":"http:\/\/apdnoticias.com\/index.php?rest_route=\/wp\/v2\/media\/1489"}],"wp:attachment":[{"href":"http:\/\/apdnoticias.com\/index.php?rest_route=%2Fwp%2Fv2%2Fmedia&parent=1488"}],"wp:term":[{"taxonomy":"category","embeddable":true,"href":"http:\/\/apdnoticias.com\/index.php?rest_route=%2Fwp%2Fv2%2Fcategories&post=1488"},{"taxonomy":"post_tag","embeddable":true,"href":"http:\/\/apdnoticias.com\/index.php?rest_route=%2Fwp%2Fv2%2Ftags&post=1488"}],"curies":[{"name":"wp","href":"https:\/\/api.w.org\/{rel}","templated":true}]}}