{"id":1501,"date":"2025-07-30T21:30:29","date_gmt":"2025-07-30T21:30:29","guid":{"rendered":"https:\/\/apdnoticias.com\/?p=1501"},"modified":"2025-07-30T21:32:07","modified_gmt":"2025-07-30T21:32:07","slug":"prision-preventiva-para-hombre-acusado-de-maltrato-animal-y-violencia-familiar-en-cuernavaca","status":"publish","type":"post","link":"http:\/\/apdnoticias.com\/?p=1501","title":{"rendered":"Prisi\u00f3n preventiva para hombre acusado de maltrato animal y violencia familiar en Cuernavaca"},"content":{"rendered":"\n<p>Nadya Limas <\/p>\n\n\n\n<p>CUERNAVACA-MOR. juez de control dict\u00f3\u00a0prisi\u00f3n preventiva como medida cautelar\u00a0contra Jhonny \u201cN\u201d, acusado de\u00a0violencia familiar y maltrato animal, tras presuntamente agredir a un perro de nombre\u00a0<em>Boster<\/em>\u00a0y amenazar a su due\u00f1a en el municipio de Cuernavaca.<\/p>\n\n\n\n<p>De acuerdo con la Fiscal\u00eda Regional Metropolitana, los hechos ocurrieron el pasado&nbsp;26 de julio, cuando el imputado habr\u00eda causado una lesi\u00f3n al canino y posteriormente intimidado a su propietaria.<\/p>\n\n\n\n<p>Tras el ataque, elementos de la&nbsp;Secretar\u00eda de Protecci\u00f3n y Auxilio Ciudadano (SEPRAC)&nbsp;lograron detener al presunto agresor a unos metros del lugar y lo pusieron a disposici\u00f3n del Ministerio P\u00fablico especializado.<\/p>\n\n\n\n<p>La audiencia de vinculaci\u00f3n a proceso se llevar\u00e1 a cabo el pr\u00f3ximo&nbsp;viernes 1 de agosto, donde se definir\u00e1 la situaci\u00f3n jur\u00eddica del se\u00f1alado.<\/p>\n\n\n\n<p>La Fiscal\u00eda record\u00f3 que, conforme al&nbsp;art\u00edculo 13 del C\u00f3digo Nacional de Procedimientos Penales, toda persona se presume inocente hasta que se declare su responsabilidad mediante sentencia.<\/p>\n","protected":false},"excerpt":{"rendered":"<p>Nadya Limas CUERNAVACA-MOR. juez de control dict\u00f3\u00a0prisi\u00f3n preventiva como medida cautelar\u00a0contra Jhonny \u201cN\u201d, acusado de\u00a0violencia familiar y maltrato animal, tras presuntamente agredir a un perro de nombre\u00a0Boster\u00a0y amenazar a su due\u00f1a en el municipio de Cuernavaca. De acuerdo con la Fiscal\u00eda Regional Metropolitana, los hechos ocurrieron el pasado&nbsp;26 de julio, cuando el imputado habr\u00eda causado [&hellip;]<\/p>\n","protected":false},"author":3,"featured_media":1502,"comment_status":"open","ping_status":"open","sticky":false,"template":"","format":"standard","meta":{"_jetpack_memberships_contains_paid_content":false,"footnotes":""},"categories":[13,5],"tags":[],"class_list":["post-1501","post","type-post","status-publish","format-standard","has-post-thumbnail","hentry","category-local","category-morelos"],"jetpack_featured_media_url":"http:\/\/apdnoticias.com\/wp-content\/uploads\/2025\/07\/bb832889-7fea-4d64-b014-59fd491fb1fc.jpeg","jetpack_sharing_enabled":true,"_links":{"self":[{"href":"http:\/\/apdnoticias.com\/index.php?rest_route=\/wp\/v2\/posts\/1501","targetHints":{"allow":["GET"]}}],"collection":[{"href":"http:\/\/apdnoticias.com\/index.php?rest_route=\/wp\/v2\/posts"}],"about":[{"href":"http:\/\/apdnoticias.com\/index.php?rest_route=\/wp\/v2\/types\/post"}],"author":[{"embeddable":true,"href":"http:\/\/apdnoticias.com\/index.php?rest_route=\/wp\/v2\/users\/3"}],"replies":[{"embeddable":true,"href":"http:\/\/apdnoticias.com\/index.php?rest_route=%2Fwp%2Fv2%2Fcomments&post=1501"}],"version-history":[{"count":2,"href":"http:\/\/apdnoticias.com\/index.php?rest_route=\/wp\/v2\/posts\/1501\/revisions"}],"predecessor-version":[{"id":1504,"href":"http:\/\/apdnoticias.com\/index.php?rest_route=\/wp\/v2\/posts\/1501\/revisions\/1504"}],"wp:featuredmedia":[{"embeddable":true,"href":"http:\/\/apdnoticias.com\/index.php?rest_route=\/wp\/v2\/media\/1502"}],"wp:attachment":[{"href":"http:\/\/apdnoticias.com\/index.php?rest_route=%2Fwp%2Fv2%2Fmedia&parent=1501"}],"wp:term":[{"taxonomy":"category","embeddable":true,"href":"http:\/\/apdnoticias.com\/index.php?rest_route=%2Fwp%2Fv2%2Fcategories&post=1501"},{"taxonomy":"post_tag","embeddable":true,"href":"http:\/\/apdnoticias.com\/index.php?rest_route=%2Fwp%2Fv2%2Ftags&post=1501"}],"curies":[{"name":"wp","href":"https:\/\/api.w.org\/{rel}","templated":true}]}}