{"id":1560,"date":"2025-08-13T05:07:57","date_gmt":"2025-08-13T05:07:57","guid":{"rendered":"https:\/\/apdnoticias.com\/?p=1560"},"modified":"2025-08-13T05:07:57","modified_gmt":"2025-08-13T05:07:57","slug":"ordenan-prision-preventiva-a-pareja-por-secuestro-agravado-de-menor-en-cuautla","status":"publish","type":"post","link":"http:\/\/apdnoticias.com\/?p=1560","title":{"rendered":"Ordenan prisi\u00f3n preventiva a pareja por secuestro agravado de menor en Cuautla"},"content":{"rendered":"\n<p><\/p>\n\n\n\n<p>Cuautla, Mor.- Una pareja identificada como Rosa Ver\u00f3nica \u201cN\u201d y V\u00edctor Hugo \u201cN\u201d permanecer\u00e1 en prisi\u00f3n preventiva, luego de que un juez de control determinara esta medida cautelar por su presunta participaci\u00f3n en el secuestro agravado de un ni\u00f1o de cinco a\u00f1os en este municipio.<\/p>\n\n\n\n<p>De acuerdo con la Fiscal\u00eda de Investigaci\u00f3n de Delitos de Alto Impacto (FIDAI), el caso se origin\u00f3 el pasado 6 de agosto, cuando los imputados habr\u00edan utilizado enga\u00f1os para llevarse al menor. Las indagatorias permitieron ubicarlo en un inmueble del poblado de Tenango, en Jantetelco, donde se mont\u00f3 un operativo el 8 de agosto que permiti\u00f3 rescatarlo sano y salvo.<\/p>\n\n\n\n<p>Seg\u00fan las investigaciones, la pareja habr\u00eda solicitado que el padre del ni\u00f1o se entregara a cambio de liberarlo, amenazando con atentar contra su vida si no cumpl\u00eda la exigencia.<\/p>\n\n\n\n<p>Tras su detenci\u00f3n, el Ministerio P\u00fablico especializado present\u00f3 a los acusados ante un juez, quien valid\u00f3 la legalidad de su captura y orden\u00f3 que permanecieran en prisi\u00f3n mientras se desarrolla el proceso. La audiencia de vinculaci\u00f3n a proceso se llevar\u00e1 a cabo el pr\u00f3ximo 15 de agosto.<\/p>\n\n\n\n<p>La autoridad record\u00f3 que, conforme al art\u00edculo 13 del C\u00f3digo Nacional de Procedimientos Penales, toda persona es inocente hasta que se demuestre lo contrario mediante sentencia emitida por un juez.<\/p>\n","protected":false},"excerpt":{"rendered":"<p>Cuautla, Mor.- Una pareja identificada como Rosa Ver\u00f3nica \u201cN\u201d y V\u00edctor Hugo \u201cN\u201d permanecer\u00e1 en prisi\u00f3n preventiva, luego de que un juez de control determinara esta medida cautelar por su presunta participaci\u00f3n en el secuestro agravado de un ni\u00f1o de cinco a\u00f1os en este municipio. De acuerdo con la Fiscal\u00eda de Investigaci\u00f3n de Delitos de [&hellip;]<\/p>\n","protected":false},"author":3,"featured_media":1561,"comment_status":"open","ping_status":"open","sticky":false,"template":"","format":"standard","meta":{"_jetpack_memberships_contains_paid_content":false,"footnotes":""},"categories":[5],"tags":[],"class_list":["post-1560","post","type-post","status-publish","format-standard","has-post-thumbnail","hentry","category-morelos"],"jetpack_featured_media_url":"http:\/\/apdnoticias.com\/wp-content\/uploads\/2025\/08\/a0920aa6-24eb-4563-a25b-e8144f5e1f4c.jpeg","jetpack_sharing_enabled":true,"_links":{"self":[{"href":"http:\/\/apdnoticias.com\/index.php?rest_route=\/wp\/v2\/posts\/1560","targetHints":{"allow":["GET"]}}],"collection":[{"href":"http:\/\/apdnoticias.com\/index.php?rest_route=\/wp\/v2\/posts"}],"about":[{"href":"http:\/\/apdnoticias.com\/index.php?rest_route=\/wp\/v2\/types\/post"}],"author":[{"embeddable":true,"href":"http:\/\/apdnoticias.com\/index.php?rest_route=\/wp\/v2\/users\/3"}],"replies":[{"embeddable":true,"href":"http:\/\/apdnoticias.com\/index.php?rest_route=%2Fwp%2Fv2%2Fcomments&post=1560"}],"version-history":[{"count":1,"href":"http:\/\/apdnoticias.com\/index.php?rest_route=\/wp\/v2\/posts\/1560\/revisions"}],"predecessor-version":[{"id":1562,"href":"http:\/\/apdnoticias.com\/index.php?rest_route=\/wp\/v2\/posts\/1560\/revisions\/1562"}],"wp:featuredmedia":[{"embeddable":true,"href":"http:\/\/apdnoticias.com\/index.php?rest_route=\/wp\/v2\/media\/1561"}],"wp:attachment":[{"href":"http:\/\/apdnoticias.com\/index.php?rest_route=%2Fwp%2Fv2%2Fmedia&parent=1560"}],"wp:term":[{"taxonomy":"category","embeddable":true,"href":"http:\/\/apdnoticias.com\/index.php?rest_route=%2Fwp%2Fv2%2Fcategories&post=1560"},{"taxonomy":"post_tag","embeddable":true,"href":"http:\/\/apdnoticias.com\/index.php?rest_route=%2Fwp%2Fv2%2Ftags&post=1560"}],"curies":[{"name":"wp","href":"https:\/\/api.w.org\/{rel}","templated":true}]}}