{"id":1578,"date":"2025-08-14T22:45:41","date_gmt":"2025-08-14T22:45:41","guid":{"rendered":"https:\/\/apdnoticias.com\/?p=1578"},"modified":"2025-08-14T22:45:41","modified_gmt":"2025-08-14T22:45:41","slug":"ataques-armados-en-tlayacapan-dejan-dos-muertos-incluido-un-policia","status":"publish","type":"post","link":"http:\/\/apdnoticias.com\/?p=1578","title":{"rendered":"Ataques armados en Tlayacapan dejan dos muertos, incluido un polic\u00eda"},"content":{"rendered":"\n<p><\/p>\n\n\n\n<p>Tlayacapan, Mor.- La ma\u00f1ana de este jueves se registraron dos ataques armados en distintos puntos de este municipio, que dejaron como saldo a un agente de la Polic\u00eda y a otro hombre sin vida.<\/p>\n\n\n\n<p>El primer hecho ocurri\u00f3 alrededor de las 07:50 horas, cuando vecinos del barrio de&nbsp;<strong>Santa Ana<\/strong>&nbsp;reportaron detonaciones de arma de fuego en la esquina de&nbsp;<strong>Justo Sierra y Javier Mina<\/strong>. Al llegar, elementos de seguridad encontraron a un polic\u00eda con m\u00faltiples heridas de bala. Param\u00e9dicos confirmaron que ya no contaba con signos vitales.<\/p>\n\n\n\n<p>Minutos despu\u00e9s, otro reporte alert\u00f3 sobre disparos en la&nbsp;<strong>carretera Totolapan\u2013Tlayacapan<\/strong>, a la altura de la colonia&nbsp;<strong>San Andr\u00e9s<\/strong>. En el sitio fue hallado un hombre tirado junto a una motocicleta, tambi\u00e9n sin vida y con lesiones provocadas por proyectiles de arma de fuego.<\/p>\n\n\n\n<p>La Fiscal\u00eda de Morelos inici\u00f3 las investigaciones correspondientes y peritos recabaron indicios en ambas escenas para determinar si los ataques guardan relaci\u00f3n.<\/p>\n","protected":false},"excerpt":{"rendered":"<p>Tlayacapan, Mor.- La ma\u00f1ana de este jueves se registraron dos ataques armados en distintos puntos de este municipio, que dejaron como saldo a un agente de la Polic\u00eda y a otro hombre sin vida. El primer hecho ocurri\u00f3 alrededor de las 07:50 horas, cuando vecinos del barrio de&nbsp;Santa Ana&nbsp;reportaron detonaciones de arma de fuego en [&hellip;]<\/p>\n","protected":false},"author":3,"featured_media":1579,"comment_status":"open","ping_status":"open","sticky":false,"template":"","format":"standard","meta":{"_jetpack_memberships_contains_paid_content":false,"footnotes":""},"categories":[5],"tags":[],"class_list":["post-1578","post","type-post","status-publish","format-standard","has-post-thumbnail","hentry","category-morelos"],"jetpack_featured_media_url":"http:\/\/apdnoticias.com\/wp-content\/uploads\/2025\/08\/73533830-6b0c-4d24-9b3e-bc9de3f27f64.jpeg","jetpack_sharing_enabled":true,"_links":{"self":[{"href":"http:\/\/apdnoticias.com\/index.php?rest_route=\/wp\/v2\/posts\/1578","targetHints":{"allow":["GET"]}}],"collection":[{"href":"http:\/\/apdnoticias.com\/index.php?rest_route=\/wp\/v2\/posts"}],"about":[{"href":"http:\/\/apdnoticias.com\/index.php?rest_route=\/wp\/v2\/types\/post"}],"author":[{"embeddable":true,"href":"http:\/\/apdnoticias.com\/index.php?rest_route=\/wp\/v2\/users\/3"}],"replies":[{"embeddable":true,"href":"http:\/\/apdnoticias.com\/index.php?rest_route=%2Fwp%2Fv2%2Fcomments&post=1578"}],"version-history":[{"count":1,"href":"http:\/\/apdnoticias.com\/index.php?rest_route=\/wp\/v2\/posts\/1578\/revisions"}],"predecessor-version":[{"id":1580,"href":"http:\/\/apdnoticias.com\/index.php?rest_route=\/wp\/v2\/posts\/1578\/revisions\/1580"}],"wp:featuredmedia":[{"embeddable":true,"href":"http:\/\/apdnoticias.com\/index.php?rest_route=\/wp\/v2\/media\/1579"}],"wp:attachment":[{"href":"http:\/\/apdnoticias.com\/index.php?rest_route=%2Fwp%2Fv2%2Fmedia&parent=1578"}],"wp:term":[{"taxonomy":"category","embeddable":true,"href":"http:\/\/apdnoticias.com\/index.php?rest_route=%2Fwp%2Fv2%2Fcategories&post=1578"},{"taxonomy":"post_tag","embeddable":true,"href":"http:\/\/apdnoticias.com\/index.php?rest_route=%2Fwp%2Fv2%2Ftags&post=1578"}],"curies":[{"name":"wp","href":"https:\/\/api.w.org\/{rel}","templated":true}]}}