{"id":1747,"date":"2025-09-22T22:20:30","date_gmt":"2025-09-22T22:20:30","guid":{"rendered":"https:\/\/apdnoticias.com\/?p=1747"},"modified":"2025-09-22T22:20:30","modified_gmt":"2025-09-22T22:20:30","slug":"localizan-a-dos-hombres-sin-vida-en-distintos-puntos-de-jojutla","status":"publish","type":"post","link":"http:\/\/apdnoticias.com\/?p=1747","title":{"rendered":"Localizan a dos hombres sin vida en distintos puntos de Jojutla"},"content":{"rendered":"\n<p><\/p>\n\n\n\n<p>JOJUTLA-MOR. La tarde del domingo fueron encontrados dos hombres sin vida en diferentes colonias del municipio, hechos que generaron una amplia movilizaci\u00f3n policial y de personal de la Fiscal\u00eda General del Estado.<\/p>\n\n\n\n<p>El primer caso fue reportado alrededor de las 16:37 horas, en un camino de terracer\u00eda de la colonia Higuer\u00f3n, con direcci\u00f3n al poblado de Xicatlacotla. Vecinos alertaron a las autoridades sobre la presencia de un cuerpo, y al arribar los elementos de seguridad confirmaron que se trataba de un hombre en avanzado estado de descomposici\u00f3n y con visibles huellas de violencia.<\/p>\n\n\n\n<p>M\u00e1s tarde, a las 18:33 horas, en la colonia Ampliaci\u00f3n Pedro Amaro, se registr\u00f3 otro hecho. Un hombre, se\u00f1alado de haber intentado ingresar a una vivienda para robar, fue sometido por el propietario y posteriormente qued\u00f3 inconsciente. El individuo fue hallado frente al domicilio ubicado en la calle Maravillas esquina con Iztacc\u00edhuatl. Param\u00e9dicos que acudieron al sitio confirmaron que ya no presentaba signos vitales, presuntamente a causa de un traumatismo craneoencef\u00e1lico.<\/p>\n\n\n\n<p>En ambos sucesos, las \u00e1reas quedaron aseguradas mientras agentes de la Fiscal\u00eda General del Estado realizaron las diligencias correspondientes e iniciaron las investigaciones con el objetivo de esclarecer los hechos y lograr la identificaci\u00f3n de las v\u00edctimas.<\/p>\n","protected":false},"excerpt":{"rendered":"<p>JOJUTLA-MOR. La tarde del domingo fueron encontrados dos hombres sin vida en diferentes colonias del municipio, hechos que generaron una amplia movilizaci\u00f3n policial y de personal de la Fiscal\u00eda General del Estado. El primer caso fue reportado alrededor de las 16:37 horas, en un camino de terracer\u00eda de la colonia Higuer\u00f3n, con direcci\u00f3n al poblado [&hellip;]<\/p>\n","protected":false},"author":3,"featured_media":1748,"comment_status":"open","ping_status":"open","sticky":false,"template":"","format":"standard","meta":{"_jetpack_memberships_contains_paid_content":false,"footnotes":""},"categories":[5],"tags":[],"class_list":["post-1747","post","type-post","status-publish","format-standard","has-post-thumbnail","hentry","category-morelos"],"jetpack_featured_media_url":"http:\/\/apdnoticias.com\/wp-content\/uploads\/2025\/09\/c6853c80-aa2e-44c4-986e-2c06bd414264.jpeg","jetpack_sharing_enabled":true,"_links":{"self":[{"href":"http:\/\/apdnoticias.com\/index.php?rest_route=\/wp\/v2\/posts\/1747","targetHints":{"allow":["GET"]}}],"collection":[{"href":"http:\/\/apdnoticias.com\/index.php?rest_route=\/wp\/v2\/posts"}],"about":[{"href":"http:\/\/apdnoticias.com\/index.php?rest_route=\/wp\/v2\/types\/post"}],"author":[{"embeddable":true,"href":"http:\/\/apdnoticias.com\/index.php?rest_route=\/wp\/v2\/users\/3"}],"replies":[{"embeddable":true,"href":"http:\/\/apdnoticias.com\/index.php?rest_route=%2Fwp%2Fv2%2Fcomments&post=1747"}],"version-history":[{"count":1,"href":"http:\/\/apdnoticias.com\/index.php?rest_route=\/wp\/v2\/posts\/1747\/revisions"}],"predecessor-version":[{"id":1749,"href":"http:\/\/apdnoticias.com\/index.php?rest_route=\/wp\/v2\/posts\/1747\/revisions\/1749"}],"wp:featuredmedia":[{"embeddable":true,"href":"http:\/\/apdnoticias.com\/index.php?rest_route=\/wp\/v2\/media\/1748"}],"wp:attachment":[{"href":"http:\/\/apdnoticias.com\/index.php?rest_route=%2Fwp%2Fv2%2Fmedia&parent=1747"}],"wp:term":[{"taxonomy":"category","embeddable":true,"href":"http:\/\/apdnoticias.com\/index.php?rest_route=%2Fwp%2Fv2%2Fcategories&post=1747"},{"taxonomy":"post_tag","embeddable":true,"href":"http:\/\/apdnoticias.com\/index.php?rest_route=%2Fwp%2Fv2%2Ftags&post=1747"}],"curies":[{"name":"wp","href":"https:\/\/api.w.org\/{rel}","templated":true}]}}