{"id":1761,"date":"2025-09-23T00:32:04","date_gmt":"2025-09-23T00:32:04","guid":{"rendered":"https:\/\/apdnoticias.com\/?p=1761"},"modified":"2025-09-23T00:35:07","modified_gmt":"2025-09-23T00:35:07","slug":"1761","status":"publish","type":"post","link":"http:\/\/apdnoticias.com\/?p=1761","title":{"rendered":"Estudiante muere tras agresi\u00f3n en plantel educativo de Coyoac\u00e1n"},"content":{"rendered":"\n<h2 class=\"wp-block-heading\"><\/h2>\n\n\n\n<p><strong>Ciudad de M\u00e9xico.\u2014<\/strong>&nbsp;La Secretar\u00eda de Seguridad Ciudadana (SSC) inform\u00f3 que la tarde de este lunes se registr\u00f3 una agresi\u00f3n al interior de un plantel de nivel medio superior ubicado en el Boulevard Cataratas, colonia Jardines del Pedregal, en la alcald\u00eda Coyoac\u00e1n.<\/p>\n\n\n\n<p>De acuerdo con el reporte, un alumno que portaba capucha ingres\u00f3 a las instalaciones y atac\u00f3 con una navaja a otro estudiante, provoc\u00e1ndole lesiones que le costaron la vida.<\/p>\n\n\n\n<p>Durante el incidente, un trabajador de la instituci\u00f3n intent\u00f3 contener al agresor y, en el forcejeo, result\u00f3 herido, por lo que fue trasladado a un hospital para recibir atenci\u00f3n m\u00e9dica.<\/p>\n\n\n\n<p>Posteriormente, el probable responsable intent\u00f3 huir; sin embargo, al verse perseguido, subi\u00f3 a un edificio y se lanz\u00f3 desde lo alto, ocasion\u00e1ndose fracturas en ambas piernas. El joven fue trasladado bajo custodia policial a un hospital, donde permanece internado.<\/p>\n\n\n\n<p>La autonom\u00eda de la instituci\u00f3n impidi\u00f3 en un primer momento el acceso a las autoridades, pero finalmente se solicit\u00f3 la intervenci\u00f3n de la Fiscal\u00eda General de Justicia de la Ciudad de M\u00e9xico para llevar a cabo las diligencias periciales y las investigaciones correspondientes.<\/p>\n\n\n\n<p>La SSC confirm\u00f3 que el probable agresor ser\u00e1 puesto a disposici\u00f3n de las autoridades ministeriales una vez sea dado de alta.<\/p>\n\n\n\n<p><strong>La informaci\u00f3n contin\u00faa en desarrollo.<\/strong><\/p>\n","protected":false},"excerpt":{"rendered":"<p>Ciudad de M\u00e9xico.\u2014&nbsp;La Secretar\u00eda de Seguridad Ciudadana (SSC) inform\u00f3 que la tarde de este lunes se registr\u00f3 una agresi\u00f3n al interior de un plantel de nivel medio superior ubicado en el Boulevard Cataratas, colonia Jardines del Pedregal, en la alcald\u00eda Coyoac\u00e1n. De acuerdo con el reporte, un alumno que portaba capucha ingres\u00f3 a las instalaciones [&hellip;]<\/p>\n","protected":false},"author":3,"featured_media":1762,"comment_status":"open","ping_status":"open","sticky":false,"template":"","format":"standard","meta":{"_jetpack_memberships_contains_paid_content":false,"footnotes":""},"categories":[6],"tags":[],"class_list":["post-1761","post","type-post","status-publish","format-standard","has-post-thumbnail","hentry","category-mexico"],"jetpack_featured_media_url":"http:\/\/apdnoticias.com\/wp-content\/uploads\/2025\/09\/IMG_2066.jpeg","jetpack_sharing_enabled":true,"_links":{"self":[{"href":"http:\/\/apdnoticias.com\/index.php?rest_route=\/wp\/v2\/posts\/1761","targetHints":{"allow":["GET"]}}],"collection":[{"href":"http:\/\/apdnoticias.com\/index.php?rest_route=\/wp\/v2\/posts"}],"about":[{"href":"http:\/\/apdnoticias.com\/index.php?rest_route=\/wp\/v2\/types\/post"}],"author":[{"embeddable":true,"href":"http:\/\/apdnoticias.com\/index.php?rest_route=\/wp\/v2\/users\/3"}],"replies":[{"embeddable":true,"href":"http:\/\/apdnoticias.com\/index.php?rest_route=%2Fwp%2Fv2%2Fcomments&post=1761"}],"version-history":[{"count":2,"href":"http:\/\/apdnoticias.com\/index.php?rest_route=\/wp\/v2\/posts\/1761\/revisions"}],"predecessor-version":[{"id":1764,"href":"http:\/\/apdnoticias.com\/index.php?rest_route=\/wp\/v2\/posts\/1761\/revisions\/1764"}],"wp:featuredmedia":[{"embeddable":true,"href":"http:\/\/apdnoticias.com\/index.php?rest_route=\/wp\/v2\/media\/1762"}],"wp:attachment":[{"href":"http:\/\/apdnoticias.com\/index.php?rest_route=%2Fwp%2Fv2%2Fmedia&parent=1761"}],"wp:term":[{"taxonomy":"category","embeddable":true,"href":"http:\/\/apdnoticias.com\/index.php?rest_route=%2Fwp%2Fv2%2Fcategories&post=1761"},{"taxonomy":"post_tag","embeddable":true,"href":"http:\/\/apdnoticias.com\/index.php?rest_route=%2Fwp%2Fv2%2Ftags&post=1761"}],"curies":[{"name":"wp","href":"https:\/\/api.w.org\/{rel}","templated":true}]}}