{"id":1765,"date":"2025-09-23T04:20:34","date_gmt":"2025-09-23T04:20:34","guid":{"rendered":"https:\/\/apdnoticias.com\/?p=1765"},"modified":"2025-09-23T04:20:34","modified_gmt":"2025-09-23T04:20:34","slug":"fiscalia-de-morelos-localiza-y-resguarda-a-cuatro-menores-reportados-en-guerrero","status":"publish","type":"post","link":"http:\/\/apdnoticias.com\/?p=1765","title":{"rendered":"Fiscal\u00eda de Morelos localiza y resguarda a cuatro menores reportados en Guerrero"},"content":{"rendered":"\n<h2 class=\"wp-block-heading\"><\/h2>\n\n\n\n<p><strong>Morelos.\u2014<\/strong>&nbsp;Cuatro menores de edad, dos ni\u00f1as y dos ni\u00f1os, que hab\u00edan sido reportados como desaparecidos en el estado de Guerrero, fueron localizados y puestos bajo resguardo por la Fiscal\u00eda General del Estado (FGE) de Morelos.<\/p>\n\n\n\n<p>De acuerdo con la informaci\u00f3n oficial, la Fiscal\u00eda Especializada en Desaparici\u00f3n Forzada de Personas estableci\u00f3 coordinaci\u00f3n inmediata con la Fiscal\u00eda General del Estado de Guerrero para lograr el retorno de los infantes a su entorno familiar.<\/p>\n\n\n\n<p>Las autoridades precisaron que los menores se encuentran en buen estado de salud y que en territorio morelense no fueron v\u00edctimas de ning\u00fan delito. Actualmente permanecen bajo resguardo en las instalaciones de la Fiscal\u00eda Regional Sur Poniente.<\/p>\n\n\n\n<p>La FGE Morelos reiter\u00f3 su compromiso de mantener una estrecha colaboraci\u00f3n con instituciones estatales y federales para salvaguardar la integridad y bienestar de ni\u00f1as, ni\u00f1os y adolescentes.<\/p>\n\n\n\n<p><strong>La informaci\u00f3n se da a conocer con fines \u00fanicamente informativos, quedando la versi\u00f3n oficial asentada en la Carpeta de Investigaci\u00f3n correspondiente.<\/strong><\/p>\n","protected":false},"excerpt":{"rendered":"<p>Morelos.\u2014&nbsp;Cuatro menores de edad, dos ni\u00f1as y dos ni\u00f1os, que hab\u00edan sido reportados como desaparecidos en el estado de Guerrero, fueron localizados y puestos bajo resguardo por la Fiscal\u00eda General del Estado (FGE) de Morelos. De acuerdo con la informaci\u00f3n oficial, la Fiscal\u00eda Especializada en Desaparici\u00f3n Forzada de Personas estableci\u00f3 coordinaci\u00f3n inmediata con la Fiscal\u00eda [&hellip;]<\/p>\n","protected":false},"author":3,"featured_media":1766,"comment_status":"open","ping_status":"open","sticky":false,"template":"","format":"standard","meta":{"_jetpack_memberships_contains_paid_content":false,"footnotes":""},"categories":[6,5],"tags":[],"class_list":["post-1765","post","type-post","status-publish","format-standard","has-post-thumbnail","hentry","category-mexico","category-morelos"],"jetpack_featured_media_url":"http:\/\/apdnoticias.com\/wp-content\/uploads\/2025\/09\/b267e36a-0e0e-43b5-b97c-1fbd72f29cf0.jpeg","jetpack_sharing_enabled":true,"_links":{"self":[{"href":"http:\/\/apdnoticias.com\/index.php?rest_route=\/wp\/v2\/posts\/1765","targetHints":{"allow":["GET"]}}],"collection":[{"href":"http:\/\/apdnoticias.com\/index.php?rest_route=\/wp\/v2\/posts"}],"about":[{"href":"http:\/\/apdnoticias.com\/index.php?rest_route=\/wp\/v2\/types\/post"}],"author":[{"embeddable":true,"href":"http:\/\/apdnoticias.com\/index.php?rest_route=\/wp\/v2\/users\/3"}],"replies":[{"embeddable":true,"href":"http:\/\/apdnoticias.com\/index.php?rest_route=%2Fwp%2Fv2%2Fcomments&post=1765"}],"version-history":[{"count":1,"href":"http:\/\/apdnoticias.com\/index.php?rest_route=\/wp\/v2\/posts\/1765\/revisions"}],"predecessor-version":[{"id":1767,"href":"http:\/\/apdnoticias.com\/index.php?rest_route=\/wp\/v2\/posts\/1765\/revisions\/1767"}],"wp:featuredmedia":[{"embeddable":true,"href":"http:\/\/apdnoticias.com\/index.php?rest_route=\/wp\/v2\/media\/1766"}],"wp:attachment":[{"href":"http:\/\/apdnoticias.com\/index.php?rest_route=%2Fwp%2Fv2%2Fmedia&parent=1765"}],"wp:term":[{"taxonomy":"category","embeddable":true,"href":"http:\/\/apdnoticias.com\/index.php?rest_route=%2Fwp%2Fv2%2Fcategories&post=1765"},{"taxonomy":"post_tag","embeddable":true,"href":"http:\/\/apdnoticias.com\/index.php?rest_route=%2Fwp%2Fv2%2Ftags&post=1765"}],"curies":[{"name":"wp","href":"https:\/\/api.w.org\/{rel}","templated":true}]}}