{"id":1795,"date":"2025-09-25T22:20:39","date_gmt":"2025-09-25T22:20:39","guid":{"rendered":"https:\/\/apdnoticias.com\/?p=1795"},"modified":"2025-09-25T22:20:39","modified_gmt":"2025-09-25T22:20:39","slug":"ayuntamiento-de-cuernavaca-realiza-limpieza-en-la-glorieta-de-la-luna","status":"publish","type":"post","link":"http:\/\/apdnoticias.com\/?p=1795","title":{"rendered":"Ayuntamiento de Cuernavaca realiza limpieza en la glorieta de la luna"},"content":{"rendered":"\n<p>\u2022 Todo el proceso de mejora se efectu\u00f3 bajo estricta supervisi\u00f3n t\u00e9cnica y ambiental<\/p>\n\n\n\n<p>Con el objetivo de garantizar la salud de la vegetaci\u00f3n y mejorar la imagen urbana, el Ayuntamiento de Cuernavaca, a trav\u00e9s de la Secretar\u00eda de Desarrollo Sustentable y Servicios P\u00fablicos (SDSySP), llev\u00f3 a cabo labores de saneamiento en los \u00e1rboles ubicados en la Glorieta de La Luna.<\/p>\n\n\n\n<p>Los trabajos obedecen a problemas fitosanitarios detectados en la zona, entre ellos la presencia de plagas, \u00e1caros y el hacinamiento de los \u00e1rboles, lo cual imped\u00eda su correcto crecimiento y representaba un riesgo tanto para la vegetaci\u00f3n como para el entorno.<\/p>\n\n\n\n<p>Ante esta situaci\u00f3n, se realizaron 94 podas preventivas y de mantenimiento, acompa\u00f1adas de 4 retiros de \u00e1rboles que ya no presentaban condiciones \u00f3ptimas para mantenerse en pie, adem\u00e1s de 21 banqueos para favorecer un mejor desarrollo de las ra\u00edces y fortalecer la vegetaci\u00f3n existente.<\/p>\n\n\n\n<p>Todo el proceso se efectu\u00f3 bajo estricta supervisi\u00f3n t\u00e9cnica y ambiental, asegurando que cada acci\u00f3n cumpliera con criterios que priorizan la salud de los \u00e1rboles y el equilibrio natural de la zona.<\/p>\n\n\n\n<p>Con estas acciones, el Gobierno municipal reafirma su compromiso con el mantenimiento y saneamiento de los espacios p\u00fablicos, garantizando mejores condiciones para el desarrollo de la vegetaci\u00f3n y contribuyendo al embellecimiento de uno de los puntos m\u00e1s representativos de la ciudad.<\/p>\n","protected":false},"excerpt":{"rendered":"<p>\u2022 Todo el proceso de mejora se efectu\u00f3 bajo estricta supervisi\u00f3n t\u00e9cnica y ambiental Con el objetivo de garantizar la salud de la vegetaci\u00f3n y mejorar la imagen urbana, el Ayuntamiento de Cuernavaca, a trav\u00e9s de la Secretar\u00eda de Desarrollo Sustentable y Servicios P\u00fablicos (SDSySP), llev\u00f3 a cabo labores de saneamiento en los \u00e1rboles ubicados [&hellip;]<\/p>\n","protected":false},"author":3,"featured_media":1796,"comment_status":"open","ping_status":"open","sticky":false,"template":"","format":"standard","meta":{"_jetpack_memberships_contains_paid_content":false,"footnotes":""},"categories":[13],"tags":[],"class_list":["post-1795","post","type-post","status-publish","format-standard","has-post-thumbnail","hentry","category-local"],"jetpack_featured_media_url":"http:\/\/apdnoticias.com\/wp-content\/uploads\/2025\/09\/8181afc3-2ca0-449b-a6f6-73dad4b00604.jpeg","jetpack_sharing_enabled":true,"_links":{"self":[{"href":"http:\/\/apdnoticias.com\/index.php?rest_route=\/wp\/v2\/posts\/1795","targetHints":{"allow":["GET"]}}],"collection":[{"href":"http:\/\/apdnoticias.com\/index.php?rest_route=\/wp\/v2\/posts"}],"about":[{"href":"http:\/\/apdnoticias.com\/index.php?rest_route=\/wp\/v2\/types\/post"}],"author":[{"embeddable":true,"href":"http:\/\/apdnoticias.com\/index.php?rest_route=\/wp\/v2\/users\/3"}],"replies":[{"embeddable":true,"href":"http:\/\/apdnoticias.com\/index.php?rest_route=%2Fwp%2Fv2%2Fcomments&post=1795"}],"version-history":[{"count":1,"href":"http:\/\/apdnoticias.com\/index.php?rest_route=\/wp\/v2\/posts\/1795\/revisions"}],"predecessor-version":[{"id":1797,"href":"http:\/\/apdnoticias.com\/index.php?rest_route=\/wp\/v2\/posts\/1795\/revisions\/1797"}],"wp:featuredmedia":[{"embeddable":true,"href":"http:\/\/apdnoticias.com\/index.php?rest_route=\/wp\/v2\/media\/1796"}],"wp:attachment":[{"href":"http:\/\/apdnoticias.com\/index.php?rest_route=%2Fwp%2Fv2%2Fmedia&parent=1795"}],"wp:term":[{"taxonomy":"category","embeddable":true,"href":"http:\/\/apdnoticias.com\/index.php?rest_route=%2Fwp%2Fv2%2Fcategories&post=1795"},{"taxonomy":"post_tag","embeddable":true,"href":"http:\/\/apdnoticias.com\/index.php?rest_route=%2Fwp%2Fv2%2Ftags&post=1795"}],"curies":[{"name":"wp","href":"https:\/\/api.w.org\/{rel}","templated":true}]}}