{"id":1805,"date":"2025-09-29T04:16:44","date_gmt":"2025-09-29T04:16:44","guid":{"rendered":"https:\/\/apdnoticias.com\/?p=1805"},"modified":"2025-09-29T04:16:44","modified_gmt":"2025-09-29T04:16:44","slug":"consolidan-cuernavaca-y-unila-convenio-de-educacion","status":"publish","type":"post","link":"http:\/\/apdnoticias.com\/?p=1805","title":{"rendered":"Consolidan Cuernavaca y Unila convenio de educaci\u00f3n"},"content":{"rendered":"\n<p>\u2022 El alcalde Jos\u00e9 Luis Uri\u00f3stegui ratific\u00f3 convenio de colaboraci\u00f3n con la Universidad Latina para seguir brindando oportunidades acad\u00e9micas a trabajadoras y trabajadores municipales, sus familias y estudiantes universitarios<\/p>\n\n\n\n<p>Reafirmando su compromiso con la educaci\u00f3n y el desarrollo profesional del personal del Ayuntamiento, el presidente municipal de Cuernavaca, Jos\u00e9 Luis Uri\u00f3stegui Salgado, ratific\u00f3 este lunes el convenio de colaboraci\u00f3n con la Universidad Latina (UNILA), dando continuidad a una alianza estrat\u00e9gica iniciada desde el a\u00f1o 2022, que ha rendido importantes frutos para ambas instituciones.<\/p>\n\n\n\n<p>La firma de este nuevo convenio se realiz\u00f3 en la sede Papagayo del Ayuntamiento y tiene como prop\u00f3sito brindar descuentos especiales en programas educativos de nivel medio superior, superior y posgrados a las y los trabajadores y sus familiares directos, adem\u00e1s de fortalecer los lazos que permiten a estudiantes universitarios, de maestr\u00eda y doctorado realizar su servicio social y pr\u00e1cticas profesionales en distintas dependencias municipales.<\/p>\n\n\n\n<p>\u201cEste convenio representa la consolidaci\u00f3n de una colaboraci\u00f3n exitosa. El convenio abre la puerta a la formaci\u00f3n continua del personal municipal y ofrece a sus familias nuevas oportunidades educativas, al tiempo que fortalece la colaboraci\u00f3n con j\u00f3venes que est\u00e1n en proceso de preparaci\u00f3n acad\u00e9mica y desean poner en pr\u00e1ctica sus conocimientos en el servicio p\u00fablico\u201d, expres\u00f3 Uri\u00f3stegui Salgado.<\/p>\n\n\n\n<p>Durante su intervenci\u00f3n, el rector y apoderado legal de la UNILA, Jos\u00e9 Guillermo Colorado G\u00e1ndara, se\u00f1al\u00f3 que gracias al primer convenio firmado en la administraci\u00f3n 2022- 2024, 22 estudiantes realizaron su servicio social en el Ayuntamiento, mientras que ambas instituciones participaron activamente en eventos acad\u00e9micos, empresariales y de rendici\u00f3n de cuentas, incluyendo la presencia del propio alcalde en actividades universitarias.<\/p>\n\n\n\n<p>El convenio actualizado contempla descuentos en inscripciones y colegiaturas para trabajadores del Ayuntamiento, c\u00f3nyuges, hijas e hijos, y abre la posibilidad para que estudiantes de los campus Cuernavaca, Cuautla, as\u00ed como Roma y Sur de la Ciudad de M\u00e9xico puedan integrarse en las actividades del gobierno municipal como parte de su formaci\u00f3n pr\u00e1ctica.<\/p>\n\n\n\n<p>En la firma del convenio acompa\u00f1aron al presidente municipal la secretaria de Administraci\u00f3n, Rosa Icela G\u00f3mez D\u00edaz; el secretario del Ayuntamiento, \u00d3scar Cano Mondrag\u00f3n, y la representaci\u00f3n de la s\u00edndica municipal, Paula Trade Hidalgo.<\/p>\n\n\n\n<p>Este convenio no solo reafirma el compromiso del Ayuntamiento con la formaci\u00f3n continua, la educaci\u00f3n de calidad y el fortalecimiento institucional, sino que tambi\u00e9n refleja los buenos resultados de una relaci\u00f3n interinstitucional que se consolida con el tiempo y sigue generando beneficios tangibles para la comunidad.<\/p>\n","protected":false},"excerpt":{"rendered":"<p>\u2022 El alcalde Jos\u00e9 Luis Uri\u00f3stegui ratific\u00f3 convenio de colaboraci\u00f3n con la Universidad Latina para seguir brindando oportunidades acad\u00e9micas a trabajadoras y trabajadores municipales, sus familias y estudiantes universitarios Reafirmando su compromiso con la educaci\u00f3n y el desarrollo profesional del personal del Ayuntamiento, el presidente municipal de Cuernavaca, Jos\u00e9 Luis Uri\u00f3stegui Salgado, ratific\u00f3 este lunes [&hellip;]<\/p>\n","protected":false},"author":3,"featured_media":1806,"comment_status":"open","ping_status":"open","sticky":false,"template":"","format":"standard","meta":{"_jetpack_memberships_contains_paid_content":false,"footnotes":""},"categories":[13],"tags":[],"class_list":["post-1805","post","type-post","status-publish","format-standard","has-post-thumbnail","hentry","category-local"],"jetpack_featured_media_url":"http:\/\/apdnoticias.com\/wp-content\/uploads\/2025\/09\/58afe9ba-6270-4e21-953d-70c5ec752a8c.jpeg","jetpack_sharing_enabled":true,"_links":{"self":[{"href":"http:\/\/apdnoticias.com\/index.php?rest_route=\/wp\/v2\/posts\/1805","targetHints":{"allow":["GET"]}}],"collection":[{"href":"http:\/\/apdnoticias.com\/index.php?rest_route=\/wp\/v2\/posts"}],"about":[{"href":"http:\/\/apdnoticias.com\/index.php?rest_route=\/wp\/v2\/types\/post"}],"author":[{"embeddable":true,"href":"http:\/\/apdnoticias.com\/index.php?rest_route=\/wp\/v2\/users\/3"}],"replies":[{"embeddable":true,"href":"http:\/\/apdnoticias.com\/index.php?rest_route=%2Fwp%2Fv2%2Fcomments&post=1805"}],"version-history":[{"count":1,"href":"http:\/\/apdnoticias.com\/index.php?rest_route=\/wp\/v2\/posts\/1805\/revisions"}],"predecessor-version":[{"id":1807,"href":"http:\/\/apdnoticias.com\/index.php?rest_route=\/wp\/v2\/posts\/1805\/revisions\/1807"}],"wp:featuredmedia":[{"embeddable":true,"href":"http:\/\/apdnoticias.com\/index.php?rest_route=\/wp\/v2\/media\/1806"}],"wp:attachment":[{"href":"http:\/\/apdnoticias.com\/index.php?rest_route=%2Fwp%2Fv2%2Fmedia&parent=1805"}],"wp:term":[{"taxonomy":"category","embeddable":true,"href":"http:\/\/apdnoticias.com\/index.php?rest_route=%2Fwp%2Fv2%2Fcategories&post=1805"},{"taxonomy":"post_tag","embeddable":true,"href":"http:\/\/apdnoticias.com\/index.php?rest_route=%2Fwp%2Fv2%2Ftags&post=1805"}],"curies":[{"name":"wp","href":"https:\/\/api.w.org\/{rel}","templated":true}]}}