{"id":1814,"date":"2025-10-01T03:00:30","date_gmt":"2025-10-01T03:00:30","guid":{"rendered":"https:\/\/apdnoticias.com\/?p=1814"},"modified":"2025-10-01T03:00:30","modified_gmt":"2025-10-01T03:00:30","slug":"jose-luis-uriostegui-fortalece-el-impulso-del-deporte","status":"publish","type":"post","link":"http:\/\/apdnoticias.com\/?p=1814","title":{"rendered":"Jos\u00e9 Luis Uriostegui fortalece el impulso del deporte"},"content":{"rendered":"\n<p>El presidente municipal de Cuernavaca, Jos\u00e9 Luis Uri\u00f3stegui Salgado, refrend\u00f3 su compromiso con el impulso al deporte al visitar el internado Palmira, donde dio el arranque simb\u00f3lico al programa \u00abEscuelas Municipales\u201d, organizado por el Instituto del Deporte de la Secretar\u00eda de Desarrollo Humano y Participaci\u00f3n Social (SDHyPS). Durante su visita, el alcalde particip\u00f3 en los honores a la bandera y convivi\u00f3 con las estudiantes.<\/p>\n\n\n\n<p>Acompa\u00f1ado por la directora del Instituto del Deporte, Paloma Mart\u00ednez Bahena, y el director del plantel, \u00d3scar Iv\u00e1n L\u00f3pez, el alcalde subray\u00f3 que desde el Ayuntamiento se promueven programas integrales que fortalecen la educaci\u00f3n, la cultura y el desarrollo f\u00edsico. Entre estos apoyos se incluyen becas por vulnerabilidad econ\u00f3mica, excelencia acad\u00e9mica, deportivas y culturales. A\u00f1adi\u00f3 que el programa \u00abEscuelas Municipales\u201d busca fomentar en ni\u00f1as, ni\u00f1os y j\u00f3venes el gusto por la actividad f\u00edsica y los valores que se construyen a trav\u00e9s del deporte.<\/p>\n\n\n\n<p>Del 06 al 10 de octubre, el internado Palmira ser\u00e1 sede de m\u00faltiples disciplinas como ajedrez, nataci\u00f3n, tiro con arco, atletismo, f\u00fatbol, v\u00f3leibol, b\u00e1squetbol y pentatl\u00f3n, ofreciendo a las estudiantes una semana llena de aprendizaje, motivaci\u00f3n y desarrollo integral.<\/p>\n","protected":false},"excerpt":{"rendered":"<p>El presidente municipal de Cuernavaca, Jos\u00e9 Luis Uri\u00f3stegui Salgado, refrend\u00f3 su compromiso con el impulso al deporte al visitar el internado Palmira, donde dio el arranque simb\u00f3lico al programa \u00abEscuelas Municipales\u201d, organizado por el Instituto del Deporte de la Secretar\u00eda de Desarrollo Humano y Participaci\u00f3n Social (SDHyPS). Durante su visita, el alcalde particip\u00f3 en los [&hellip;]<\/p>\n","protected":false},"author":3,"featured_media":1815,"comment_status":"open","ping_status":"open","sticky":false,"template":"","format":"standard","meta":{"_jetpack_memberships_contains_paid_content":false,"footnotes":""},"categories":[13],"tags":[],"class_list":["post-1814","post","type-post","status-publish","format-standard","has-post-thumbnail","hentry","category-local"],"jetpack_featured_media_url":"http:\/\/apdnoticias.com\/wp-content\/uploads\/2025\/10\/76a6e156-b03e-4196-b672-87abf5e50979.jpeg","jetpack_sharing_enabled":true,"_links":{"self":[{"href":"http:\/\/apdnoticias.com\/index.php?rest_route=\/wp\/v2\/posts\/1814","targetHints":{"allow":["GET"]}}],"collection":[{"href":"http:\/\/apdnoticias.com\/index.php?rest_route=\/wp\/v2\/posts"}],"about":[{"href":"http:\/\/apdnoticias.com\/index.php?rest_route=\/wp\/v2\/types\/post"}],"author":[{"embeddable":true,"href":"http:\/\/apdnoticias.com\/index.php?rest_route=\/wp\/v2\/users\/3"}],"replies":[{"embeddable":true,"href":"http:\/\/apdnoticias.com\/index.php?rest_route=%2Fwp%2Fv2%2Fcomments&post=1814"}],"version-history":[{"count":1,"href":"http:\/\/apdnoticias.com\/index.php?rest_route=\/wp\/v2\/posts\/1814\/revisions"}],"predecessor-version":[{"id":1816,"href":"http:\/\/apdnoticias.com\/index.php?rest_route=\/wp\/v2\/posts\/1814\/revisions\/1816"}],"wp:featuredmedia":[{"embeddable":true,"href":"http:\/\/apdnoticias.com\/index.php?rest_route=\/wp\/v2\/media\/1815"}],"wp:attachment":[{"href":"http:\/\/apdnoticias.com\/index.php?rest_route=%2Fwp%2Fv2%2Fmedia&parent=1814"}],"wp:term":[{"taxonomy":"category","embeddable":true,"href":"http:\/\/apdnoticias.com\/index.php?rest_route=%2Fwp%2Fv2%2Fcategories&post=1814"},{"taxonomy":"post_tag","embeddable":true,"href":"http:\/\/apdnoticias.com\/index.php?rest_route=%2Fwp%2Fv2%2Ftags&post=1814"}],"curies":[{"name":"wp","href":"https:\/\/api.w.org\/{rel}","templated":true}]}}