{"id":1830,"date":"2025-10-02T21:44:34","date_gmt":"2025-10-02T21:44:34","guid":{"rendered":"https:\/\/apdnoticias.com\/?p=1830"},"modified":"2025-10-02T21:44:34","modified_gmt":"2025-10-02T21:44:34","slug":"detienen-a-hombre-por-feminicidio-ocurrido-en-jiutepec","status":"publish","type":"post","link":"http:\/\/apdnoticias.com\/?p=1830","title":{"rendered":"Detienen a hombre por feminicidio ocurrido en Jiutepec"},"content":{"rendered":"\n<p><\/p>\n\n\n\n<p>Ya se encuentra a disposici\u00f3n del juez que lo requiri\u00f3<\/p>\n\n\n\n<p>Elementos de la Agencia de Investigaci\u00f3n Criminal (AIC) de la Fiscal\u00eda Especializada para la Investigaci\u00f3n y Persecuci\u00f3n del Delito de Feminicidio ejecutaron una orden de aprehensi\u00f3n en contra de Edgar Jonathan \u201cN\u201d, por la probable comisi\u00f3n del delito de feminicidio, en hechos suscitados en el municipio de Jiutepec.<\/p>\n\n\n\n<p>El masculino fue asegurado en el municipio de Temixco, para que comparezca en las pr\u00f3ximas horas ante el juez que lo requiere.<\/p>\n\n\n\n<p>De los hechos presuntivos del delito, se conoci\u00f3 que se suscitaron en septiembre del a\u00f1o en curso, en el municipio de Jiutepec.<\/p>\n\n\n\n<p>Al activarse el Protocolo de Actuaci\u00f3n con Perspectiva de G\u00e9nero para el delito de Feminicidio, la fiscal\u00eda especializada inici\u00f3 las diligencias de gabinete y estableci\u00f3 la probable participaci\u00f3n de Edgar Jonathan \u201cN\u201d en la privaci\u00f3n de la vida de una mujer.<\/p>\n\n\n\n<p>As\u00ed, el agente del Ministerio P\u00fablico de la Fiscal\u00eda Especializada para la Investigaci\u00f3n y Persecuci\u00f3n del Delito de Feminicidio solicit\u00f3 y obtuvo del juez la orden de aprehensi\u00f3n correspondiente en contra de Edgar Jonathan \u201cN\u201d, cumplimentada por la AIC.<\/p>\n\n\n\n<p>Los presentes datos tienen el car\u00e1cter de informativos, la versi\u00f3n oficial obra en la Carpeta de Investigaci\u00f3n.<\/p>\n","protected":false},"excerpt":{"rendered":"<p>Ya se encuentra a disposici\u00f3n del juez que lo requiri\u00f3 Elementos de la Agencia de Investigaci\u00f3n Criminal (AIC) de la Fiscal\u00eda Especializada para la Investigaci\u00f3n y Persecuci\u00f3n del Delito de Feminicidio ejecutaron una orden de aprehensi\u00f3n en contra de Edgar Jonathan \u201cN\u201d, por la probable comisi\u00f3n del delito de feminicidio, en hechos suscitados en el [&hellip;]<\/p>\n","protected":false},"author":3,"featured_media":1831,"comment_status":"open","ping_status":"open","sticky":false,"template":"","format":"standard","meta":{"_jetpack_memberships_contains_paid_content":false,"footnotes":""},"categories":[5],"tags":[],"class_list":["post-1830","post","type-post","status-publish","format-standard","has-post-thumbnail","hentry","category-morelos"],"jetpack_featured_media_url":"http:\/\/apdnoticias.com\/wp-content\/uploads\/2025\/10\/10dac40f-ff8f-4c4b-a0b4-93cc7e2f8422.jpeg","jetpack_sharing_enabled":true,"_links":{"self":[{"href":"http:\/\/apdnoticias.com\/index.php?rest_route=\/wp\/v2\/posts\/1830","targetHints":{"allow":["GET"]}}],"collection":[{"href":"http:\/\/apdnoticias.com\/index.php?rest_route=\/wp\/v2\/posts"}],"about":[{"href":"http:\/\/apdnoticias.com\/index.php?rest_route=\/wp\/v2\/types\/post"}],"author":[{"embeddable":true,"href":"http:\/\/apdnoticias.com\/index.php?rest_route=\/wp\/v2\/users\/3"}],"replies":[{"embeddable":true,"href":"http:\/\/apdnoticias.com\/index.php?rest_route=%2Fwp%2Fv2%2Fcomments&post=1830"}],"version-history":[{"count":1,"href":"http:\/\/apdnoticias.com\/index.php?rest_route=\/wp\/v2\/posts\/1830\/revisions"}],"predecessor-version":[{"id":1832,"href":"http:\/\/apdnoticias.com\/index.php?rest_route=\/wp\/v2\/posts\/1830\/revisions\/1832"}],"wp:featuredmedia":[{"embeddable":true,"href":"http:\/\/apdnoticias.com\/index.php?rest_route=\/wp\/v2\/media\/1831"}],"wp:attachment":[{"href":"http:\/\/apdnoticias.com\/index.php?rest_route=%2Fwp%2Fv2%2Fmedia&parent=1830"}],"wp:term":[{"taxonomy":"category","embeddable":true,"href":"http:\/\/apdnoticias.com\/index.php?rest_route=%2Fwp%2Fv2%2Fcategories&post=1830"},{"taxonomy":"post_tag","embeddable":true,"href":"http:\/\/apdnoticias.com\/index.php?rest_route=%2Fwp%2Fv2%2Ftags&post=1830"}],"curies":[{"name":"wp","href":"https:\/\/api.w.org\/{rel}","templated":true}]}}