{"id":1835,"date":"2025-10-02T22:26:17","date_gmt":"2025-10-02T22:26:17","guid":{"rendered":"https:\/\/apdnoticias.com\/?p=1835"},"modified":"2025-10-02T22:26:17","modified_gmt":"2025-10-02T22:26:17","slug":"llama-diputado-alberto-sanchez-a-incluir-a-personas-con-discapacidad-en-lo-laboral","status":"publish","type":"post","link":"http:\/\/apdnoticias.com\/?p=1835","title":{"rendered":"Llama Diputado Alberto S\u00e1nchez a incluir a personas con discapacidad en lo laboral"},"content":{"rendered":"\n<p>El sector p\u00fablico estatal y municipal debe tomar la iniciativa y dar una respuesta con justicia social, se\u00f1al\u00f3 el legislador del PT.<\/p>\n\n\n\n<p>Al considerar que el trabajo es el mejor camino hacia la superaci\u00f3n personal y es un s\u00edmbolo de la dignidad humana, el diputado Alberto S\u00e1nchez Ortega, vicecoordinador del Grupo Parlamentario del PT, hizo un llamado solidario a promover una \u201cGran Cruzada a Favor de la Inclusi\u00f3n Laboral de las Personas con Discapacidad en Morelos\u201d.<\/p>\n\n\n\n<p>Al presentar su proposici\u00f3n con punto de acuerdo, que fue aprobada por unanimidad, el legislador, quien preside la Comisi\u00f3n de Atenci\u00f3n a Grupos Vulnerables y Personas con Discapacidad, convoc\u00f3 a la sociedad en su conjunto a esta cruzada, \u201cdonde desde luego el sector p\u00fablico estatal y municipal debe tomar la iniciativa y dar una respuesta con justicia social\u201d.<\/p>\n\n\n\n<p>Refiri\u00f3 que la Ley para la Inclusi\u00f3n al Desarrollo de las Personas con Discapacidad del Estado de Morelos establece en su art\u00edculo 26 la obligaci\u00f3n del Gobierno Estatal, Ayuntamientos y de cualquier ente p\u00fablico, de incorporar a personas con discapacidad en sus instancias y dependencias, debiendo integrar a una persona con discapacidad por cada 50 servidores p\u00fablicos o un m\u00ednimo del 2 por ciento incorporados laboralmente.<\/p>\n\n\n\n<p>Al solicitar el respaldo de sus hom\u00f3logos al acuerdo, al que se adhirieron mayoritariamente, S\u00e1nchez Ortega dijo que \u201clas acciones que tomemos hoy como representantes populares, o en los cargos p\u00fablicos en los que nos hayan designado, para hacer frente esta problem\u00e1tica social, puede definir el futuro de este sector de poblaci\u00f3n que durante d\u00e9cadas han sido discriminados\u201d.<\/p>\n\n\n\n<p>Expuso que las administraciones actuales est\u00e1n ante la posibilidad de iniciar un cambio que en lo futuro haga posible el derecho de las personas con discapacidad a vivir de forma independiente, al trabajo y al empleo, en igualdad de oportunidades y condiciones que el resto de la poblaci\u00f3n.<\/p>\n\n\n\n<p>\u201cDefinitivamente el sector p\u00fablico debe pregonar con el ejemplo y para ello debemos contribuir a mejorar las condiciones laborales y econ\u00f3micas de esta poblaci\u00f3n y sus familias. No es una situaci\u00f3n dadivosa, son nuestras obligaciones en materia de derechos humanos, por lo que invito a redoblar esfuerzos, redimensionar programas, asignar presupuesto e implementar acciones para enfrentar esos retos\u201d, finaliz<\/p>\n","protected":false},"excerpt":{"rendered":"<p>El sector p\u00fablico estatal y municipal debe tomar la iniciativa y dar una respuesta con justicia social, se\u00f1al\u00f3 el legislador del PT. Al considerar que el trabajo es el mejor camino hacia la superaci\u00f3n personal y es un s\u00edmbolo de la dignidad humana, el diputado Alberto S\u00e1nchez Ortega, vicecoordinador del Grupo Parlamentario del PT, hizo [&hellip;]<\/p>\n","protected":false},"author":3,"featured_media":1836,"comment_status":"open","ping_status":"open","sticky":false,"template":"","format":"standard","meta":{"_jetpack_memberships_contains_paid_content":false,"footnotes":""},"categories":[5],"tags":[],"class_list":["post-1835","post","type-post","status-publish","format-standard","has-post-thumbnail","hentry","category-morelos"],"jetpack_featured_media_url":"http:\/\/apdnoticias.com\/wp-content\/uploads\/2025\/10\/c997e54d-3e75-45dd-8998-dc6f0e52d6e2.jpeg","jetpack_sharing_enabled":true,"_links":{"self":[{"href":"http:\/\/apdnoticias.com\/index.php?rest_route=\/wp\/v2\/posts\/1835","targetHints":{"allow":["GET"]}}],"collection":[{"href":"http:\/\/apdnoticias.com\/index.php?rest_route=\/wp\/v2\/posts"}],"about":[{"href":"http:\/\/apdnoticias.com\/index.php?rest_route=\/wp\/v2\/types\/post"}],"author":[{"embeddable":true,"href":"http:\/\/apdnoticias.com\/index.php?rest_route=\/wp\/v2\/users\/3"}],"replies":[{"embeddable":true,"href":"http:\/\/apdnoticias.com\/index.php?rest_route=%2Fwp%2Fv2%2Fcomments&post=1835"}],"version-history":[{"count":1,"href":"http:\/\/apdnoticias.com\/index.php?rest_route=\/wp\/v2\/posts\/1835\/revisions"}],"predecessor-version":[{"id":1837,"href":"http:\/\/apdnoticias.com\/index.php?rest_route=\/wp\/v2\/posts\/1835\/revisions\/1837"}],"wp:featuredmedia":[{"embeddable":true,"href":"http:\/\/apdnoticias.com\/index.php?rest_route=\/wp\/v2\/media\/1836"}],"wp:attachment":[{"href":"http:\/\/apdnoticias.com\/index.php?rest_route=%2Fwp%2Fv2%2Fmedia&parent=1835"}],"wp:term":[{"taxonomy":"category","embeddable":true,"href":"http:\/\/apdnoticias.com\/index.php?rest_route=%2Fwp%2Fv2%2Fcategories&post=1835"},{"taxonomy":"post_tag","embeddable":true,"href":"http:\/\/apdnoticias.com\/index.php?rest_route=%2Fwp%2Fv2%2Ftags&post=1835"}],"curies":[{"name":"wp","href":"https:\/\/api.w.org\/{rel}","templated":true}]}}