{"id":1871,"date":"2025-10-07T08:55:37","date_gmt":"2025-10-07T08:55:37","guid":{"rendered":"https:\/\/apdnoticias.com\/?p=1871"},"modified":"2025-10-07T08:55:37","modified_gmt":"2025-10-07T08:55:37","slug":"exigen-castigo-para-policia-que-habria-asesinado-a-joven-en-cuernavaca","status":"publish","type":"post","link":"http:\/\/apdnoticias.com\/?p=1871","title":{"rendered":"Exigen castigo para polic\u00eda que habr\u00eda asesinado a joven en Cuernavaca"},"content":{"rendered":"\n<h3 class=\"wp-block-heading\">Nadya Limas <\/h3>\n\n\n\n<p>Vecinos de la colonia\u00a0Los Patios de la Estaci\u00f3n, en\u00a0Cuernavaca, se manifestaron para exigir justicia por la muerte de\u00a0Luis \u00c1ngel \u201cN\u201d, un joven que perdi\u00f3 la vida tras recibir un disparo presuntamente realizado por un\u00a0agente de la Polic\u00eda Estatal, identificado con el n\u00famero\u00a0SCPA01194.<\/p>\n\n\n\n<p>El hecho ocurri\u00f3 la noche del lunes, cerca de las\u00a011:15 p.m., cuando Luis \u00c1ngel se dirig\u00eda a su trabajo en el\u00a0mercado Adolfo L\u00f3pez Mateos. En el camino, observ\u00f3 un\u00a0operativo policial sobre la avenida Plan de Ayala, donde varios elementos manten\u00edan detenido a un automovilista acusado de conducir un veh\u00edculo con reporte de robo.<\/p>\n\n\n\n<p>De acuerdo con testigos, el joven comenz\u00f3 a\u00a0grabar el procedimiento con su tel\u00e9fono celular, al considerar que los uniformados actuaban con violencia. En ese momento, el oficial identificado con el n\u00famero\u00a0SCPA01194\u00a0habr\u00eda\u00a0disparado directamente a la cabeza de Luis \u00c1ngel, caus\u00e1ndole la muerte en el sitio.<\/p>\n\n\n\n<p>Los vecinos denunciaron que tras el ataque,\u00a0los polic\u00edas abandonaron el lugar, dejando el cuerpo del joven tirado en la v\u00eda p\u00fablica. Horas m\u00e1s tarde, personal de la\u00a0Fiscal\u00eda General del Estado\u00a0acudi\u00f3 para realizar el levantamiento del cuerpo e iniciar las investigaciones correspondientes.<\/p>\n\n\n\n<p>Los habitantes de la zona expresaron su\u00a0indignaci\u00f3n ante la violencia policial\u00a0y exigieron que el responsable sea detenido y procesado, se\u00f1alando que\u00a0Luis \u00c1ngel era una persona trabajadora y honesta\u00a0que solo se dirig\u00eda a cumplir con su jornada laboral.<\/p>\n","protected":false},"excerpt":{"rendered":"<p>Nadya Limas Vecinos de la colonia\u00a0Los Patios de la Estaci\u00f3n, en\u00a0Cuernavaca, se manifestaron para exigir justicia por la muerte de\u00a0Luis \u00c1ngel \u201cN\u201d, un joven que perdi\u00f3 la vida tras recibir un disparo presuntamente realizado por un\u00a0agente de la Polic\u00eda Estatal, identificado con el n\u00famero\u00a0SCPA01194. El hecho ocurri\u00f3 la noche del lunes, cerca de las\u00a011:15 p.m., [&hellip;]<\/p>\n","protected":false},"author":3,"featured_media":1872,"comment_status":"open","ping_status":"open","sticky":false,"template":"","format":"standard","meta":{"_jetpack_memberships_contains_paid_content":false,"footnotes":""},"categories":[13,5],"tags":[],"class_list":["post-1871","post","type-post","status-publish","format-standard","has-post-thumbnail","hentry","category-local","category-morelos"],"jetpack_featured_media_url":"http:\/\/apdnoticias.com\/wp-content\/uploads\/2025\/10\/378e70e5-1363-434d-a664-343d54dfc25e.jpeg","jetpack_sharing_enabled":true,"_links":{"self":[{"href":"http:\/\/apdnoticias.com\/index.php?rest_route=\/wp\/v2\/posts\/1871","targetHints":{"allow":["GET"]}}],"collection":[{"href":"http:\/\/apdnoticias.com\/index.php?rest_route=\/wp\/v2\/posts"}],"about":[{"href":"http:\/\/apdnoticias.com\/index.php?rest_route=\/wp\/v2\/types\/post"}],"author":[{"embeddable":true,"href":"http:\/\/apdnoticias.com\/index.php?rest_route=\/wp\/v2\/users\/3"}],"replies":[{"embeddable":true,"href":"http:\/\/apdnoticias.com\/index.php?rest_route=%2Fwp%2Fv2%2Fcomments&post=1871"}],"version-history":[{"count":1,"href":"http:\/\/apdnoticias.com\/index.php?rest_route=\/wp\/v2\/posts\/1871\/revisions"}],"predecessor-version":[{"id":1873,"href":"http:\/\/apdnoticias.com\/index.php?rest_route=\/wp\/v2\/posts\/1871\/revisions\/1873"}],"wp:featuredmedia":[{"embeddable":true,"href":"http:\/\/apdnoticias.com\/index.php?rest_route=\/wp\/v2\/media\/1872"}],"wp:attachment":[{"href":"http:\/\/apdnoticias.com\/index.php?rest_route=%2Fwp%2Fv2%2Fmedia&parent=1871"}],"wp:term":[{"taxonomy":"category","embeddable":true,"href":"http:\/\/apdnoticias.com\/index.php?rest_route=%2Fwp%2Fv2%2Fcategories&post=1871"},{"taxonomy":"post_tag","embeddable":true,"href":"http:\/\/apdnoticias.com\/index.php?rest_route=%2Fwp%2Fv2%2Ftags&post=1871"}],"curies":[{"name":"wp","href":"https:\/\/api.w.org\/{rel}","templated":true}]}}