{"id":1890,"date":"2025-10-08T18:46:46","date_gmt":"2025-10-08T18:46:46","guid":{"rendered":"https:\/\/apdnoticias.com\/?p=1890"},"modified":"2025-10-08T18:46:46","modified_gmt":"2025-10-08T18:46:46","slug":"luz-maria-zavala-guzman-da-la-bienvenida-al-curso-de-unas-en-el-dif-cuernavaca","status":"publish","type":"post","link":"http:\/\/apdnoticias.com\/?p=1890","title":{"rendered":"Luz Mar\u00eda Zavala Guzm\u00e1n da la bienvenida al curso de u\u00f1as en el DIF Cuernavaca"},"content":{"rendered":"\n<p>Con entusiasmo y gran participaci\u00f3n, la presidenta del Sistema Municipal DIF Cuernavaca, Luz Mar\u00eda Zagal Guzm\u00e1n, dio la bienvenida a las asistentes del Curso de U\u00f1as de Poligel, una capacitaci\u00f3n dirigida a personas interesadas en aprender una t\u00e9cnica profesional con amplia demanda en el mercado laboral y de emprendimiento.<\/p>\n\n\n\n<p>Durante la inauguraci\u00f3n, las participantes recibieron insumos y material para comenzar sus pr\u00e1cticas desde el primer d\u00eda, garantizando que el aprendizaje sea tanto te\u00f3rico como pr\u00e1ctico.<\/p>\n\n\n\n<p>Este curso busca ofrecer a las y los cuernavacenses herramientas reales para fortalecer sus habilidades, impulsar su desarrollo personal y abrir nuevas oportunidades econ\u00f3micas para sus familias.<\/p>\n\n\n\n<p>En lo que va de la administraci\u00f3n, m\u00e1s de mil personas se han capacitado en talleres de cocina, costura, maquillaje, corte de cabello, pesta\u00f1as y otras especialidades, reafirmando el compromiso del Ayuntamiento y del DIF Cuernavaca de brindar espacios que promuevan la educaci\u00f3n, el trabajo y la independencia econ\u00f3mica.<\/p>\n\n\n\n<p>En el DIF Cuernavaca, se contin\u00faa promoviendo la superaci\u00f3n personal y profesional como un medio para construir una comunidad m\u00e1s fuerte y con mayores oportunidades.<\/p>\n","protected":false},"excerpt":{"rendered":"<p>Con entusiasmo y gran participaci\u00f3n, la presidenta del Sistema Municipal DIF Cuernavaca, Luz Mar\u00eda Zagal Guzm\u00e1n, dio la bienvenida a las asistentes del Curso de U\u00f1as de Poligel, una capacitaci\u00f3n dirigida a personas interesadas en aprender una t\u00e9cnica profesional con amplia demanda en el mercado laboral y de emprendimiento. Durante la inauguraci\u00f3n, las participantes recibieron [&hellip;]<\/p>\n","protected":false},"author":3,"featured_media":1891,"comment_status":"open","ping_status":"open","sticky":false,"template":"","format":"standard","meta":{"_jetpack_memberships_contains_paid_content":false,"footnotes":""},"categories":[13],"tags":[],"class_list":["post-1890","post","type-post","status-publish","format-standard","has-post-thumbnail","hentry","category-local"],"jetpack_featured_media_url":"http:\/\/apdnoticias.com\/wp-content\/uploads\/2025\/10\/bfe94f82-bcd4-46f8-be71-ebd7288d3186.jpeg","jetpack_sharing_enabled":true,"_links":{"self":[{"href":"http:\/\/apdnoticias.com\/index.php?rest_route=\/wp\/v2\/posts\/1890","targetHints":{"allow":["GET"]}}],"collection":[{"href":"http:\/\/apdnoticias.com\/index.php?rest_route=\/wp\/v2\/posts"}],"about":[{"href":"http:\/\/apdnoticias.com\/index.php?rest_route=\/wp\/v2\/types\/post"}],"author":[{"embeddable":true,"href":"http:\/\/apdnoticias.com\/index.php?rest_route=\/wp\/v2\/users\/3"}],"replies":[{"embeddable":true,"href":"http:\/\/apdnoticias.com\/index.php?rest_route=%2Fwp%2Fv2%2Fcomments&post=1890"}],"version-history":[{"count":1,"href":"http:\/\/apdnoticias.com\/index.php?rest_route=\/wp\/v2\/posts\/1890\/revisions"}],"predecessor-version":[{"id":1892,"href":"http:\/\/apdnoticias.com\/index.php?rest_route=\/wp\/v2\/posts\/1890\/revisions\/1892"}],"wp:featuredmedia":[{"embeddable":true,"href":"http:\/\/apdnoticias.com\/index.php?rest_route=\/wp\/v2\/media\/1891"}],"wp:attachment":[{"href":"http:\/\/apdnoticias.com\/index.php?rest_route=%2Fwp%2Fv2%2Fmedia&parent=1890"}],"wp:term":[{"taxonomy":"category","embeddable":true,"href":"http:\/\/apdnoticias.com\/index.php?rest_route=%2Fwp%2Fv2%2Fcategories&post=1890"},{"taxonomy":"post_tag","embeddable":true,"href":"http:\/\/apdnoticias.com\/index.php?rest_route=%2Fwp%2Fv2%2Ftags&post=1890"}],"curies":[{"name":"wp","href":"https:\/\/api.w.org\/{rel}","templated":true}]}}