{"id":1901,"date":"2025-10-09T19:15:54","date_gmt":"2025-10-09T19:15:54","guid":{"rendered":"https:\/\/apdnoticias.com\/?p=1901"},"modified":"2025-10-09T19:16:59","modified_gmt":"2025-10-09T19:16:59","slug":"comienza-la-primera-fase-del-acuerdo-de-paz-en-gaza","status":"publish","type":"post","link":"http:\/\/apdnoticias.com\/?p=1901","title":{"rendered":"Comienza la primera fase del acuerdo de paz en Gaza"},"content":{"rendered":"\n<p>Nadya Limas <\/p>\n\n\n\n<p>El\u00a0acuerdo de paz entre Israel y Ham\u00e1s\u00a0entrar\u00e1 en vigor una vez que el Parlamento israel\u00ed lo apruebe, previsto para el\u00a010 de octubre, con la\u00a0liberaci\u00f3n de rehenes\u00a0programada para este fin de semana.<\/p>\n\n\n\n<p>Tras m\u00e1s de dos a\u00f1os de guerra y\u00a0m\u00e1s de 67 mil palestinos muertos, ambas partes firmaron el\u00a09 de octubre\u00a0la primera fase del plan impulsado por el presidente de EE.UU.,\u00a0Donald Trump, para poner fin al conflicto. El primer ministro israel\u00ed,\u00a0Benjam\u00edn Netanyahu, convoc\u00f3 al Parlamento para avalar el acuerdo que establece un\u00a0alto al fuego\u00a0y la\u00a0retirada parcial de tropas\u00a0israel\u00edes a una l\u00ednea de seguridad.<\/p>\n\n\n\n<h3 class=\"wp-block-heading\">Liberaci\u00f3n de rehenes y presos<\/h3>\n\n\n\n<p>El punto central es la liberaci\u00f3n de los\u00a048 rehenes\u00a0capturados por Ham\u00e1s en 2023. Se prev\u00e9 que\u00a020 de ellos, a\u00fan con vida, sean liberados en un plazo de\u00a072 horas\u00a0tras la aprobaci\u00f3n del acuerdo. A cambio, Israel excarcelar\u00e1 a\u00a0250 prisioneros palestinos\u00a0condenados a cadena perpetua y a\u00a01,700 detenidos\u00a0durante el conflicto.<\/p>\n\n\n\n<p>Ham\u00e1s exige la liberaci\u00f3n de figuras pol\u00edticas como\u00a0Marwan al-Barghouti\u00a0y\u00a0Ahmed Saadat, cuya salida hab\u00eda sido considerada imposible en negociaciones anteriores.<\/p>\n\n\n\n<h3 class=\"wp-block-heading\">Retirada militar y ayuda humanitaria<\/h3>\n\n\n\n<p>Las tropas israel\u00edes se replegar\u00e1n a la llamada\u00a0\u201cl\u00ednea amarilla\u201d, aunque seguir\u00e1n dentro de Gaza en algunas zonas. La Casa Blanca se\u00f1ala que el acuerdo contempla una\u00a0retirada gradual completa, la creaci\u00f3n de una\u00a0zona tamp\u00f3n fronteriza\u00a0y la\u00a0entrada masiva de ayuda humanitaria, supervisada por Naciones Unidas.<\/p>\n\n\n\n<p>El plan proh\u00edbe a Israel anexar Gaza y prev\u00e9 la entrega del control a una\u00a0Fuerza Internacional de Estabilizaci\u00f3n. Integrantes de Ham\u00e1s que depongan las armas recibir\u00e1n\u00a0amnist\u00eda\u00a0y podr\u00e1n salir del enclave.<\/p>\n\n\n\n<h3 class=\"wp-block-heading\">Reacciones en Gaza e Israel<\/h3>\n\n\n\n<p>En Gaza, miles salieron a las calles para celebrar entre\u00a0c\u00e1nticos y bailes, pese a que los bombardeos no se han detenido por completo. En Israel, las familias de rehenes festejaron en\u00a0la Plaza de los Rehenes\u00a0en Tel Aviv, mientras la aviaci\u00f3n manten\u00eda operaciones militares en el norte de la Franja.<\/p>\n\n\n\n<h3 class=\"wp-block-heading\">Desaf\u00edos pendientes<\/h3>\n\n\n\n<p>Aun con el acuerdo,\u00a0persisten temas sin resolver, como qui\u00e9n gobernar\u00e1 Gaza tras la guerra. Israel y EE.UU. rechazan que Ham\u00e1s mantenga el poder, mientras que el grupo propone cederlo a un\u00a0gobierno tecnocr\u00e1tico palestino\u00a0respaldado por pa\u00edses \u00e1rabes. Tambi\u00e9n sigue abierta la discusi\u00f3n sobre\u00a0el desarme de Ham\u00e1s\u00a0y\u00a0las garant\u00edas de retirada israel\u00ed.<\/p>\n\n\n\n<h3 class=\"wp-block-heading\">Negociaciones y mediadores<\/h3>\n\n\n\n<p>Las conversaciones se realizaron en Egipto con participaci\u00f3n de altos mandos israel\u00edes, el yerno de Trump\u00a0Jared Kushner, representantes de Ham\u00e1s como\u00a0Khalil Al-Hayya, y mediaci\u00f3n de\u00a0Qatar\u00a0y\u00a0Turqu\u00eda, que jugaron un rol clave para cerrar el primer entendimiento.<\/p>\n\n\n\n<p><\/p>\n\n\n\n<p><\/p>\n\n\n\n<p><\/p>\n","protected":false},"excerpt":{"rendered":"<p>Nadya Limas El\u00a0acuerdo de paz entre Israel y Ham\u00e1s\u00a0entrar\u00e1 en vigor una vez que el Parlamento israel\u00ed lo apruebe, previsto para el\u00a010 de octubre, con la\u00a0liberaci\u00f3n de rehenes\u00a0programada para este fin de semana. Tras m\u00e1s de dos a\u00f1os de guerra y\u00a0m\u00e1s de 67 mil palestinos muertos, ambas partes firmaron el\u00a09 de octubre\u00a0la primera fase del [&hellip;]<\/p>\n","protected":false},"author":3,"featured_media":1902,"comment_status":"open","ping_status":"open","sticky":false,"template":"","format":"standard","meta":{"_jetpack_memberships_contains_paid_content":false,"footnotes":""},"categories":[7],"tags":[],"class_list":["post-1901","post","type-post","status-publish","format-standard","has-post-thumbnail","hentry","category-mundo"],"jetpack_featured_media_url":"http:\/\/apdnoticias.com\/wp-content\/uploads\/2025\/10\/IMG_3046.jpeg","jetpack_sharing_enabled":true,"_links":{"self":[{"href":"http:\/\/apdnoticias.com\/index.php?rest_route=\/wp\/v2\/posts\/1901","targetHints":{"allow":["GET"]}}],"collection":[{"href":"http:\/\/apdnoticias.com\/index.php?rest_route=\/wp\/v2\/posts"}],"about":[{"href":"http:\/\/apdnoticias.com\/index.php?rest_route=\/wp\/v2\/types\/post"}],"author":[{"embeddable":true,"href":"http:\/\/apdnoticias.com\/index.php?rest_route=\/wp\/v2\/users\/3"}],"replies":[{"embeddable":true,"href":"http:\/\/apdnoticias.com\/index.php?rest_route=%2Fwp%2Fv2%2Fcomments&post=1901"}],"version-history":[{"count":2,"href":"http:\/\/apdnoticias.com\/index.php?rest_route=\/wp\/v2\/posts\/1901\/revisions"}],"predecessor-version":[{"id":1904,"href":"http:\/\/apdnoticias.com\/index.php?rest_route=\/wp\/v2\/posts\/1901\/revisions\/1904"}],"wp:featuredmedia":[{"embeddable":true,"href":"http:\/\/apdnoticias.com\/index.php?rest_route=\/wp\/v2\/media\/1902"}],"wp:attachment":[{"href":"http:\/\/apdnoticias.com\/index.php?rest_route=%2Fwp%2Fv2%2Fmedia&parent=1901"}],"wp:term":[{"taxonomy":"category","embeddable":true,"href":"http:\/\/apdnoticias.com\/index.php?rest_route=%2Fwp%2Fv2%2Fcategories&post=1901"},{"taxonomy":"post_tag","embeddable":true,"href":"http:\/\/apdnoticias.com\/index.php?rest_route=%2Fwp%2Fv2%2Ftags&post=1901"}],"curies":[{"name":"wp","href":"https:\/\/api.w.org\/{rel}","templated":true}]}}