{"id":1935,"date":"2025-10-13T00:20:19","date_gmt":"2025-10-13T00:20:19","guid":{"rendered":"https:\/\/apdnoticias.com\/?p=1935"},"modified":"2025-10-13T00:28:03","modified_gmt":"2025-10-13T00:28:03","slug":"la-desaparicion-del-fonden-entre-la-lucha-anticorrupcion-y-el-vacio-en-la-atencion-a-desastres","status":"publish","type":"post","link":"http:\/\/apdnoticias.com\/?p=1935","title":{"rendered":"La desaparici\u00f3n del FONDEN: entre la lucha anticorrupci\u00f3n y el vac\u00edo en la atenci\u00f3n a desastres"},"content":{"rendered":"\n<h3 class=\"wp-block-heading\">Nadya Limas <\/h3>\n\n\n\n<p>Fotos: A quien corresponda <\/p>\n\n\n\n<p>VERACRUZ-M\u00e9xico. El\u00a0Fondo de Desastres Naturales (FONDEN), creado en 1996 como el principal mecanismo para atender emergencias por fen\u00f3menos naturales en M\u00e9xico, fue oficialmente\u00a0extinguido en 2021\u00a0por decisi\u00f3n del gobierno federal. La medida, impulsada por el presidente\u00a0Andr\u00e9s Manuel L\u00f3pez Obrador, se justific\u00f3 bajo el argumento de que el fideicomiso se hab\u00eda convertido en una \u201cfuente de corrupci\u00f3n\u201d y que los recursos \u201cno llegaban a los damnificados\u201d.<\/p>\n\n\n\n<h4 class=\"wp-block-heading\">Un fondo que naci\u00f3 para proteger<\/h4>\n\n\n\n<p>Durante m\u00e1s de dos d\u00e9cadas, el FONDEN funcion\u00f3 como un&nbsp;instrumento financiero de respuesta inmediata, permitiendo canalizar recursos para la&nbsp;rehabilitaci\u00f3n de infraestructura p\u00fablica, viviendas e instalaciones b\u00e1sicasafectadas por sismos, huracanes, inundaciones o incendios.<br>Para acceder a estos fondos, la&nbsp;Secretar\u00eda de Gobernaci\u00f3n&nbsp;deb\u00eda emitir una&nbsp;declaratoria de emergencia o desastre natural, lo que activaba la liberaci\u00f3n de los recursos.<\/p>\n\n\n\n<h4 class=\"wp-block-heading\">La justificaci\u00f3n oficial<\/h4>\n\n\n\n<p>Al anunciar su eliminaci\u00f3n, el gobierno federal asegur\u00f3 que el FONDEN era un&nbsp;\u201cbarril sin fondo\u201d, donde se desviaban recursos p\u00fablicos sin supervisi\u00f3n. El presidente L\u00f3pez Obrador defendi\u00f3 que la decisi\u00f3n permitir\u00eda una&nbsp;gesti\u00f3n m\u00e1s transparente y directa&nbsp;desde la&nbsp;Secretar\u00eda de Hacienda y Cr\u00e9dito P\u00fablico (SHCP), con recursos provenientes del presupuesto federal y el uso de&nbsp;seguros y bonos catastr\u00f3ficos&nbsp;para cubrir emergencias.<\/p>\n\n\n\n<h4 class=\"wp-block-heading\">Cr\u00edticas y consecuencias<\/h4>\n\n\n\n<p>Sin embargo, especialistas y voces de oposici\u00f3n advirtieron que la desaparici\u00f3n del fideicomiso&nbsp;debilit\u00f3 la capacidad de respuesta del Estado&nbsp;frente a desastres naturales.<br>El qu\u00edmico y exfuncionario&nbsp;Jos\u00e9 Luis Luege Tamargo&nbsp;calific\u00f3 la medida como \u201cun retroceso\u201d, argumentando que el FONDEN representaba recursos inmediatos y vitales para comunidades vulnerables ante fen\u00f3menos como&nbsp;sismos, huracanes o erupciones volc\u00e1nicas.<\/p>\n\n\n\n<h4 class=\"wp-block-heading\">El hurac\u00e1n Otis, punto de quiebre<\/h4>\n\n\n\n<p>Las cr\u00edticas resurgieron tras el paso del&nbsp;hurac\u00e1n Otis&nbsp;en 2023, que devast\u00f3 el puerto de&nbsp;Acapulco, Guerrero. Pol\u00edticos y expertos se\u00f1alaron que la&nbsp;ausencia del FONDEN&nbsp;complic\u00f3 la coordinaci\u00f3n y el flujo r\u00e1pido de recursos para la reconstrucci\u00f3n.<br>Ante las cr\u00edticas, L\u00f3pez Obrador respondi\u00f3 que los&nbsp;recursos existen, aunque ahora se distribuyen directamente desde Hacienda y otras dependencias como la&nbsp;Sedena, a trav\u00e9s del&nbsp;Plan DN-III.<\/p>\n\n\n\n<p>Por su parte, el subsecretario de Hacienda,&nbsp;Gabriel Yorio, inform\u00f3 que M\u00e9xico mantiene un&nbsp;programa presupuestario con el mismo nombre, que dispone de aproximadamente&nbsp;992 millones de d\u00f3lares&nbsp;para emergencias, adem\u00e1s de&nbsp;seguros catastr\u00f3ficos&nbsp;por 275 millones y un&nbsp;bono catastr\u00f3fico&nbsp;de 485 millones de d\u00f3lares contratado con la&nbsp;Alianza del Pac\u00edfico.<\/p>\n\n\n\n<h4 class=\"wp-block-heading\">Un debate que sigue abierto<\/h4>\n\n\n\n<p>Aunque el fideicomiso ya no existe, el debate contin\u00faa. Mientras el gobierno sostiene que su desaparici\u00f3n elimin\u00f3 la corrupci\u00f3n y centraliz\u00f3 la respuesta ante emergencias, expertos insisten en que el&nbsp;pa\u00eds perdi\u00f3 un instrumento especializado, \u00e1gil y con reglas claras&nbsp;para actuar frente a tragedias naturales.<\/p>\n\n\n\n<p>La discusi\u00f3n sigue latente, especialmente cada vez que&nbsp;M\u00e9xico enfrenta una emergencia: \u00bffue la desaparici\u00f3n del FONDEN una decisi\u00f3n de transparencia o un golpe a la capacidad de reacci\u00f3n ante los desastres?<\/p>\n","protected":false},"excerpt":{"rendered":"<p>Nadya Limas Fotos: A quien corresponda VERACRUZ-M\u00e9xico. El\u00a0Fondo de Desastres Naturales (FONDEN), creado en 1996 como el principal mecanismo para atender emergencias por fen\u00f3menos naturales en M\u00e9xico, fue oficialmente\u00a0extinguido en 2021\u00a0por decisi\u00f3n del gobierno federal. La medida, impulsada por el presidente\u00a0Andr\u00e9s Manuel L\u00f3pez Obrador, se justific\u00f3 bajo el argumento de que el fideicomiso se hab\u00eda [&hellip;]<\/p>\n","protected":false},"author":3,"featured_media":1936,"comment_status":"open","ping_status":"open","sticky":false,"template":"","format":"standard","meta":{"_jetpack_memberships_contains_paid_content":false,"footnotes":""},"categories":[6,7],"tags":[],"class_list":["post-1935","post","type-post","status-publish","format-standard","has-post-thumbnail","hentry","category-mexico","category-mundo"],"jetpack_featured_media_url":"http:\/\/apdnoticias.com\/wp-content\/uploads\/2025\/10\/140A81F1-BC8E-463E-8A0B-5EA858E23048.jpeg","jetpack_sharing_enabled":true,"_links":{"self":[{"href":"http:\/\/apdnoticias.com\/index.php?rest_route=\/wp\/v2\/posts\/1935","targetHints":{"allow":["GET"]}}],"collection":[{"href":"http:\/\/apdnoticias.com\/index.php?rest_route=\/wp\/v2\/posts"}],"about":[{"href":"http:\/\/apdnoticias.com\/index.php?rest_route=\/wp\/v2\/types\/post"}],"author":[{"embeddable":true,"href":"http:\/\/apdnoticias.com\/index.php?rest_route=\/wp\/v2\/users\/3"}],"replies":[{"embeddable":true,"href":"http:\/\/apdnoticias.com\/index.php?rest_route=%2Fwp%2Fv2%2Fcomments&post=1935"}],"version-history":[{"count":4,"href":"http:\/\/apdnoticias.com\/index.php?rest_route=\/wp\/v2\/posts\/1935\/revisions"}],"predecessor-version":[{"id":1941,"href":"http:\/\/apdnoticias.com\/index.php?rest_route=\/wp\/v2\/posts\/1935\/revisions\/1941"}],"wp:featuredmedia":[{"embeddable":true,"href":"http:\/\/apdnoticias.com\/index.php?rest_route=\/wp\/v2\/media\/1936"}],"wp:attachment":[{"href":"http:\/\/apdnoticias.com\/index.php?rest_route=%2Fwp%2Fv2%2Fmedia&parent=1935"}],"wp:term":[{"taxonomy":"category","embeddable":true,"href":"http:\/\/apdnoticias.com\/index.php?rest_route=%2Fwp%2Fv2%2Fcategories&post=1935"},{"taxonomy":"post_tag","embeddable":true,"href":"http:\/\/apdnoticias.com\/index.php?rest_route=%2Fwp%2Fv2%2Ftags&post=1935"}],"curies":[{"name":"wp","href":"https:\/\/api.w.org\/{rel}","templated":true}]}}