{"id":1982,"date":"2025-10-15T02:54:06","date_gmt":"2025-10-15T02:54:06","guid":{"rendered":"https:\/\/apdnoticias.com\/?p=1982"},"modified":"2025-10-15T02:54:06","modified_gmt":"2025-10-15T02:54:06","slug":"vinculan-a-proceso-a-presunto-responsable-del-homicidio-de-un-joven-en-patios-de-la-estacion-cuernavaca","status":"publish","type":"post","link":"http:\/\/apdnoticias.com\/?p=1982","title":{"rendered":"Vinculan a proceso a presunto responsable del homicidio de un joven en Patios de la Estaci\u00f3n, Cuernavaca"},"content":{"rendered":"\n<p>Nadya Limas <\/p>\n\n\n\n<p>CUERNAVACA-MOR. La\u00a0Fiscal\u00eda Regional Metropolitana\u00a0logr\u00f3 que un juez de control\u00a0vinculara a proceso a Willians \u201cN\u201d, se\u00f1alado como presunto responsable del\u00a0homicidio calificado\u00a0de un joven ocurrido el pasado\u00a06 de octubre\u00a0en la\u00a0colonia Patios de la Estaci\u00f3n, en Cuernavaca.<\/p>\n\n\n\n<p>Durante la audiencia celebrada en la\u00a0Ciudad Judicial de Atlacholoaya, en el municipio de Xochitepec, el juez determin\u00f3 imponer\u00a0prisi\u00f3n preventiva\u00a0como medida cautelar, mientras el\u00a0Ministerio P\u00fablico\u00a0contar\u00e1 con\u00a0tres meses\u00a0para concluir la investigaci\u00f3n complementaria.<\/p>\n\n\n\n<p>De acuerdo con la carpeta de investigaci\u00f3n, los hechos ocurrieron cuando la v\u00edctima fue agredida con arma de fuego en la v\u00eda p\u00fablica, lo que deriv\u00f3 en su muerte. Tras las diligencias realizadas por personal de la Fiscal\u00eda, se recabaron\u00a0pruebas periciales y testimoniales\u00a0que permitieron identificar al presunto agresor y obtener una\u00a0orden de aprehensi\u00f3n\u00a0en su contra.<\/p>\n\n\n\n<p>El detenido fue presentado ante la autoridad judicial, que determin\u00f3 su vinculaci\u00f3n tras considerar suficientes los elementos de prueba presentados por la Fiscal\u00eda.<\/p>\n\n\n\n<p>La instituci\u00f3n record\u00f3 que, conforme al\u00a0art\u00edculo 13 del C\u00f3digo Nacional de Procedimientos Penales,\u00a0toda persona se presume inocente\u00a0hasta que un tribunal dicte una sentencia condenatoria.<\/p>\n","protected":false},"excerpt":{"rendered":"<p>Nadya Limas CUERNAVACA-MOR. La\u00a0Fiscal\u00eda Regional Metropolitana\u00a0logr\u00f3 que un juez de control\u00a0vinculara a proceso a Willians \u201cN\u201d, se\u00f1alado como presunto responsable del\u00a0homicidio calificado\u00a0de un joven ocurrido el pasado\u00a06 de octubre\u00a0en la\u00a0colonia Patios de la Estaci\u00f3n, en Cuernavaca. Durante la audiencia celebrada en la\u00a0Ciudad Judicial de Atlacholoaya, en el municipio de Xochitepec, el juez determin\u00f3 imponer\u00a0prisi\u00f3n preventiva\u00a0como [&hellip;]<\/p>\n","protected":false},"author":3,"featured_media":1983,"comment_status":"open","ping_status":"open","sticky":false,"template":"","format":"standard","meta":{"_jetpack_memberships_contains_paid_content":false,"footnotes":""},"categories":[13],"tags":[],"class_list":["post-1982","post","type-post","status-publish","format-standard","has-post-thumbnail","hentry","category-local"],"jetpack_featured_media_url":"http:\/\/apdnoticias.com\/wp-content\/uploads\/2025\/10\/a5a91455-6e74-4d4d-a411-72cf46854937.jpeg","jetpack_sharing_enabled":true,"_links":{"self":[{"href":"http:\/\/apdnoticias.com\/index.php?rest_route=\/wp\/v2\/posts\/1982","targetHints":{"allow":["GET"]}}],"collection":[{"href":"http:\/\/apdnoticias.com\/index.php?rest_route=\/wp\/v2\/posts"}],"about":[{"href":"http:\/\/apdnoticias.com\/index.php?rest_route=\/wp\/v2\/types\/post"}],"author":[{"embeddable":true,"href":"http:\/\/apdnoticias.com\/index.php?rest_route=\/wp\/v2\/users\/3"}],"replies":[{"embeddable":true,"href":"http:\/\/apdnoticias.com\/index.php?rest_route=%2Fwp%2Fv2%2Fcomments&post=1982"}],"version-history":[{"count":1,"href":"http:\/\/apdnoticias.com\/index.php?rest_route=\/wp\/v2\/posts\/1982\/revisions"}],"predecessor-version":[{"id":1984,"href":"http:\/\/apdnoticias.com\/index.php?rest_route=\/wp\/v2\/posts\/1982\/revisions\/1984"}],"wp:featuredmedia":[{"embeddable":true,"href":"http:\/\/apdnoticias.com\/index.php?rest_route=\/wp\/v2\/media\/1983"}],"wp:attachment":[{"href":"http:\/\/apdnoticias.com\/index.php?rest_route=%2Fwp%2Fv2%2Fmedia&parent=1982"}],"wp:term":[{"taxonomy":"category","embeddable":true,"href":"http:\/\/apdnoticias.com\/index.php?rest_route=%2Fwp%2Fv2%2Fcategories&post=1982"},{"taxonomy":"post_tag","embeddable":true,"href":"http:\/\/apdnoticias.com\/index.php?rest_route=%2Fwp%2Fv2%2Ftags&post=1982"}],"curies":[{"name":"wp","href":"https:\/\/api.w.org\/{rel}","templated":true}]}}