{"id":200,"date":"2024-09-13T05:23:05","date_gmt":"2024-09-13T05:23:05","guid":{"rendered":"http:\/\/apdnoticias.com\/?p=200"},"modified":"2024-09-13T05:23:05","modified_gmt":"2024-09-13T05:23:05","slug":"se-llevara-a-cabo-la-ruta-cuahuitzil-cuernavaca","status":"publish","type":"post","link":"http:\/\/apdnoticias.com\/?p=200","title":{"rendered":"Se llevar\u00e1 a cabo la \u201cruta Cuahuitzil\u201d Cuernavaca"},"content":{"rendered":"\n<p>Cuernavaca, Morelos. 12 de septiembre d Esta tercera edici\u00f3n contempla dos d\u00edas, el s\u00e1bado 28 de septiembre y el s\u00e1bado 12 de octubre donde los participantes recorrer\u00e1n y disfrutar\u00e1n los atractivos naturales de la ruta<\/p>\n\n\n\n<p>Ante el \u00e9xito obtenido en sus dos primeras ediciones, el Gobierno Municipal de Cuernavaca en coordinaci\u00f3n con el Ayuntamiento de Huitzilac anunciaron este jueves la tercera edici\u00f3n de la \u201cRuta Cuahuitzil\u201d, evento automovil\u00edstico- demostrativo que el s\u00e1bado 28 de septiembre y el s\u00e1bado 12 de octubre reunir\u00e1 a veh\u00edculos off-road, 4\u00d74, cuatrimotos, motocicletas todo terreno y jeeps para atraer el turismo de aventura y extremo en estos dos municipios que cobijan distintos atractivos naturales que puede disfrutar toda la familia.<\/p>\n\n\n\n<p>En representaci\u00f3n del presidente municipal de Cuernavaca, Jos\u00e9 Luis Uri\u00f3stegui Salgado, el secretario de Desarrollo Econ\u00f3mico y Turismo, Humberto Paladino Valdovinos, asever\u00f3 que, a trav\u00e9s de este evento, tanto la capital morelense como el municipio de Huitzilac, se han posicionado a nivel nacional como destinos id\u00f3neos donde realizar turismo de aventura y de naturaleza, generando con ello una derrama econ\u00f3mica importante, ya que los pilotos provendr\u00e1n de distintas entidades y pa\u00edses.<\/p>\n\n\n\n<p>Al respecto, el alcalde de Huitzilac, Rafael Vargas Mu\u00f1oz, celebr\u00f3 que por tercer a\u00f1o consecutivo se est\u00e9 realizando la exitosa \u201cRuta Cuahuitzil\u201d como muestra del trabajo colaborativo que se ha mantenido entre Cuernavaca y Huitzilac, municipios vecinos que han coadyuvado, no solo en temas de turismo, sino en otros rubros, para seguir posicionando a sus localidades en un plano nacional e internacional como es este evento.<\/p>\n\n\n\n<p>En esta tercera edici\u00f3n la \u201cRuta Cuahuitzil\u201d partir\u00e1 en punto de las 10:00 horas de calle Gutemberg en el Centro Hist\u00f3rico de Cuernavaca, donde las personas que deseen podr\u00e1n tomarse fotograf\u00edas con los veh\u00edculos, hasta el municipio de Huitzilac, pasando por las avenidas Morelos Norte, Emiliano Zapata y Universidad para entrar al bosque del poblado de Chamilpa y continuar al bosque del municipio de Huitzilac, inform\u00f3 Rafael Castillejos, coordinador del evento.<\/p>\n\n\n\n<p>A\u00f1adi\u00f3 que en esta ocasi\u00f3n la ruta concluir\u00e1 en el nuevo circuito OFFROAD para veh\u00edculos 4&#215;4, pista de obst\u00e1culos no de velocidad, la cual se inaugurar\u00e1 el domingo 29 de septiembre a las 12:00 horas dentro del programa de la \u201cRuta Cuahuitzil\u201d que tendr\u00e1 dos fechas, el s\u00e1bado 28 de septiembre y el s\u00e1bado 12 de octubre cuando arrancar\u00e1n Jeeps, Tubulares y motos.<\/p>\n\n\n\n<p>A esta invitaci\u00f3n hecha a la ciudadan\u00eda en general para participar se sumaron el presidente del Club Morelocos, Jos\u00e9 Roberto Rodr\u00edguez Saavedra, de Grupo Polaris, Lepoldo Galv\u00e1n y Fernando Bonini, director de Vaca Negra.<\/p>\n","protected":false},"excerpt":{"rendered":"<p>Cuernavaca, Morelos. 12 de septiembre d Esta tercera edici\u00f3n contempla dos d\u00edas, el s\u00e1bado 28 de septiembre y el s\u00e1bado 12 de octubre donde los participantes recorrer\u00e1n y disfrutar\u00e1n los atractivos naturales de la ruta Ante el \u00e9xito obtenido en sus dos primeras ediciones, el Gobierno Municipal de Cuernavaca en coordinaci\u00f3n con el Ayuntamiento de [&hellip;]<\/p>\n","protected":false},"author":3,"featured_media":201,"comment_status":"open","ping_status":"open","sticky":false,"template":"","format":"standard","meta":{"_jetpack_memberships_contains_paid_content":false,"footnotes":""},"categories":[7],"tags":[],"class_list":["post-200","post","type-post","status-publish","format-standard","has-post-thumbnail","hentry","category-mundo"],"jetpack_featured_media_url":"http:\/\/apdnoticias.com\/wp-content\/uploads\/2024\/09\/DF186E92-8EA3-465B-9AEC-B86EBC386726.jpeg","jetpack_sharing_enabled":true,"_links":{"self":[{"href":"http:\/\/apdnoticias.com\/index.php?rest_route=\/wp\/v2\/posts\/200","targetHints":{"allow":["GET"]}}],"collection":[{"href":"http:\/\/apdnoticias.com\/index.php?rest_route=\/wp\/v2\/posts"}],"about":[{"href":"http:\/\/apdnoticias.com\/index.php?rest_route=\/wp\/v2\/types\/post"}],"author":[{"embeddable":true,"href":"http:\/\/apdnoticias.com\/index.php?rest_route=\/wp\/v2\/users\/3"}],"replies":[{"embeddable":true,"href":"http:\/\/apdnoticias.com\/index.php?rest_route=%2Fwp%2Fv2%2Fcomments&post=200"}],"version-history":[{"count":1,"href":"http:\/\/apdnoticias.com\/index.php?rest_route=\/wp\/v2\/posts\/200\/revisions"}],"predecessor-version":[{"id":202,"href":"http:\/\/apdnoticias.com\/index.php?rest_route=\/wp\/v2\/posts\/200\/revisions\/202"}],"wp:featuredmedia":[{"embeddable":true,"href":"http:\/\/apdnoticias.com\/index.php?rest_route=\/wp\/v2\/media\/201"}],"wp:attachment":[{"href":"http:\/\/apdnoticias.com\/index.php?rest_route=%2Fwp%2Fv2%2Fmedia&parent=200"}],"wp:term":[{"taxonomy":"category","embeddable":true,"href":"http:\/\/apdnoticias.com\/index.php?rest_route=%2Fwp%2Fv2%2Fcategories&post=200"},{"taxonomy":"post_tag","embeddable":true,"href":"http:\/\/apdnoticias.com\/index.php?rest_route=%2Fwp%2Fv2%2Ftags&post=200"}],"curies":[{"name":"wp","href":"https:\/\/api.w.org\/{rel}","templated":true}]}}