{"id":2008,"date":"2025-10-17T21:55:48","date_gmt":"2025-10-17T21:55:48","guid":{"rendered":"https:\/\/apdnoticias.com\/?p=2008"},"modified":"2025-10-17T21:57:16","modified_gmt":"2025-10-17T21:57:16","slug":"colombia-rescatan-a-siete-perros-del-presunto-maltratador-conocido-como-el-monstruo-del-bosque-en-pasto","status":"publish","type":"post","link":"http:\/\/apdnoticias.com\/?p=2008","title":{"rendered":"Colombia: rescatan a siete perros del presunto maltratador conocido como el \u201cMonstruo del Bosque\u201d en Pasto"},"content":{"rendered":"\n<p>Nadya Limas <\/p>\n\n\n\n<p>PASTO-COLOMBIA. La noche de este\u00a0mi\u00e9rcoles, alrededor de las 10:30 p.m., autoridades lograron\u00a0rescatar a siete perros\u00a0que permanec\u00edan en poder del hombre conocido como el\u00a0\u201cMonstruo del Bosque\u201d, se\u00f1alado de\u00a0abusar y asesinar a decenas de animales\u00a0en el departamento de\u00a0Nari\u00f1o.<\/p>\n\n\n\n<p>El operativo se concret\u00f3 tras la&nbsp;presi\u00f3n de la comunidad, que durante varios d\u00edas realiz\u00f3&nbsp;plantones frente a la vivienda del acusado&nbsp;para exigir la liberaci\u00f3n de los animales. En medio de las manifestaciones,&nbsp;varios ciudadanos resultaron heridos&nbsp;por el accionar de personas no identificadas que intentaron dispersar la protesta.<\/p>\n\n\n\n<p>Los&nbsp;siete caninos fueron puestos bajo custodia&nbsp;conforme a las leyes colombianas que&nbsp;protegen a los animales v\u00edctimas de maltrato, mientras que el&nbsp;proceso judicial contra el presunto agresor contin\u00faa.<\/p>\n\n\n\n<p>Este hecho se registra poco despu\u00e9s de que el&nbsp;Senado de Colombia&nbsp;aprobara, en&nbsp;segundo debate, el proyecto de ley 06\/24, impulsado por la senadora&nbsp;Esmeralda Hern\u00e1ndez, que busca&nbsp;penalizar el abuso sexual contra animales.<\/p>\n\n\n\n<p><\/p>\n","protected":false},"excerpt":{"rendered":"<p>Nadya Limas PASTO-COLOMBIA. La noche de este\u00a0mi\u00e9rcoles, alrededor de las 10:30 p.m., autoridades lograron\u00a0rescatar a siete perros\u00a0que permanec\u00edan en poder del hombre conocido como el\u00a0\u201cMonstruo del Bosque\u201d, se\u00f1alado de\u00a0abusar y asesinar a decenas de animales\u00a0en el departamento de\u00a0Nari\u00f1o. El operativo se concret\u00f3 tras la&nbsp;presi\u00f3n de la comunidad, que durante varios d\u00edas realiz\u00f3&nbsp;plantones frente a la [&hellip;]<\/p>\n","protected":false},"author":3,"featured_media":2011,"comment_status":"open","ping_status":"open","sticky":false,"template":"","format":"standard","meta":{"_jetpack_memberships_contains_paid_content":false,"footnotes":""},"categories":[7],"tags":[],"class_list":["post-2008","post","type-post","status-publish","format-standard","has-post-thumbnail","hentry","category-mundo"],"jetpack_featured_media_url":"http:\/\/apdnoticias.com\/wp-content\/uploads\/2025\/10\/D87316D5-7F09-49E8-8ED2-7E149EEB55BA-1.jpeg","jetpack_sharing_enabled":true,"_links":{"self":[{"href":"http:\/\/apdnoticias.com\/index.php?rest_route=\/wp\/v2\/posts\/2008","targetHints":{"allow":["GET"]}}],"collection":[{"href":"http:\/\/apdnoticias.com\/index.php?rest_route=\/wp\/v2\/posts"}],"about":[{"href":"http:\/\/apdnoticias.com\/index.php?rest_route=\/wp\/v2\/types\/post"}],"author":[{"embeddable":true,"href":"http:\/\/apdnoticias.com\/index.php?rest_route=\/wp\/v2\/users\/3"}],"replies":[{"embeddable":true,"href":"http:\/\/apdnoticias.com\/index.php?rest_route=%2Fwp%2Fv2%2Fcomments&post=2008"}],"version-history":[{"count":1,"href":"http:\/\/apdnoticias.com\/index.php?rest_route=\/wp\/v2\/posts\/2008\/revisions"}],"predecessor-version":[{"id":2010,"href":"http:\/\/apdnoticias.com\/index.php?rest_route=\/wp\/v2\/posts\/2008\/revisions\/2010"}],"wp:featuredmedia":[{"embeddable":true,"href":"http:\/\/apdnoticias.com\/index.php?rest_route=\/wp\/v2\/media\/2011"}],"wp:attachment":[{"href":"http:\/\/apdnoticias.com\/index.php?rest_route=%2Fwp%2Fv2%2Fmedia&parent=2008"}],"wp:term":[{"taxonomy":"category","embeddable":true,"href":"http:\/\/apdnoticias.com\/index.php?rest_route=%2Fwp%2Fv2%2Fcategories&post=2008"},{"taxonomy":"post_tag","embeddable":true,"href":"http:\/\/apdnoticias.com\/index.php?rest_route=%2Fwp%2Fv2%2Ftags&post=2008"}],"curies":[{"name":"wp","href":"https:\/\/api.w.org\/{rel}","templated":true}]}}