{"id":2049,"date":"2025-10-28T20:16:22","date_gmt":"2025-10-28T20:16:22","guid":{"rendered":"https:\/\/apdnoticias.com\/?p=2049"},"modified":"2025-10-28T20:16:22","modified_gmt":"2025-10-28T20:16:22","slug":"asesinan-a-tatuador-conocido-como-el-trozo-en-cuernavaca","status":"publish","type":"post","link":"http:\/\/apdnoticias.com\/?p=2049","title":{"rendered":"Asesinan a tatuador conocido como \u201cEl Trozo\u201d en Cuernavaca"},"content":{"rendered":"\n<p>Nadya Limas <\/p>\n\n\n\n<p><\/p>\n\n\n\n<p>La ma\u00f1ana de este martes, un hombre identificado como\u00a0\u201cEl Trozo\u201d, conocido tatuador de la capital morelense, fue asesinado a tiros en la colonia\u00a0L\u00e1zaro C\u00e1rdenas\u00a0de\u00a0Cuernavaca.<\/p>\n\n\n\n<p>De acuerdo con los primeros reportes, la v\u00edctima se desplazaba en una\u00a0camioneta gris\u00a0sobre la\u00a0calle Janitzio, en la esquina con\u00a0avenida Estado de Puebla, cuando fue interceptada por un sujeto a bordo de una\u00a0motocicleta roja, quien abri\u00f3 fuego en su contra y despu\u00e9s huy\u00f3 del lugar.<\/p>\n\n\n\n<p>Param\u00e9dicos acudieron para brindar auxilio, sin embargo, confirmaron que el hombre\u00a0ya no presentaba signos vitales. Elementos de la\u00a0Polic\u00eda Morelos\u00a0y de la\u00a0Guardia Nacional\u00a0aseguraron la zona, mientras agentes de la\u00a0Fiscal\u00eda General del Estado\u00a0llevaron a cabo las diligencias correspondientes y el levantamiento del cuerpo.<\/p>\n\n\n\n<p>Las autoridades han iniciado una carpeta de investigaci\u00f3n para esclarecer los hechos y dar con el responsable. Hasta el momento,\u00a0no se reportan personas detenidas.<\/p>\n","protected":false},"excerpt":{"rendered":"<p>Nadya Limas La ma\u00f1ana de este martes, un hombre identificado como\u00a0\u201cEl Trozo\u201d, conocido tatuador de la capital morelense, fue asesinado a tiros en la colonia\u00a0L\u00e1zaro C\u00e1rdenas\u00a0de\u00a0Cuernavaca. De acuerdo con los primeros reportes, la v\u00edctima se desplazaba en una\u00a0camioneta gris\u00a0sobre la\u00a0calle Janitzio, en la esquina con\u00a0avenida Estado de Puebla, cuando fue interceptada por un sujeto a [&hellip;]<\/p>\n","protected":false},"author":4,"featured_media":0,"comment_status":"open","ping_status":"open","sticky":false,"template":"","format":"standard","meta":{"_jetpack_memberships_contains_paid_content":false,"footnotes":""},"categories":[13],"tags":[],"class_list":["post-2049","post","type-post","status-publish","format-standard","hentry","category-local"],"jetpack_featured_media_url":"","jetpack_sharing_enabled":true,"_links":{"self":[{"href":"http:\/\/apdnoticias.com\/index.php?rest_route=\/wp\/v2\/posts\/2049","targetHints":{"allow":["GET"]}}],"collection":[{"href":"http:\/\/apdnoticias.com\/index.php?rest_route=\/wp\/v2\/posts"}],"about":[{"href":"http:\/\/apdnoticias.com\/index.php?rest_route=\/wp\/v2\/types\/post"}],"author":[{"embeddable":true,"href":"http:\/\/apdnoticias.com\/index.php?rest_route=\/wp\/v2\/users\/4"}],"replies":[{"embeddable":true,"href":"http:\/\/apdnoticias.com\/index.php?rest_route=%2Fwp%2Fv2%2Fcomments&post=2049"}],"version-history":[{"count":1,"href":"http:\/\/apdnoticias.com\/index.php?rest_route=\/wp\/v2\/posts\/2049\/revisions"}],"predecessor-version":[{"id":2050,"href":"http:\/\/apdnoticias.com\/index.php?rest_route=\/wp\/v2\/posts\/2049\/revisions\/2050"}],"wp:attachment":[{"href":"http:\/\/apdnoticias.com\/index.php?rest_route=%2Fwp%2Fv2%2Fmedia&parent=2049"}],"wp:term":[{"taxonomy":"category","embeddable":true,"href":"http:\/\/apdnoticias.com\/index.php?rest_route=%2Fwp%2Fv2%2Fcategories&post=2049"},{"taxonomy":"post_tag","embeddable":true,"href":"http:\/\/apdnoticias.com\/index.php?rest_route=%2Fwp%2Fv2%2Ftags&post=2049"}],"curies":[{"name":"wp","href":"https:\/\/api.w.org\/{rel}","templated":true}]}}