{"id":2054,"date":"2025-10-28T21:11:54","date_gmt":"2025-10-28T21:11:54","guid":{"rendered":"https:\/\/apdnoticias.com\/?p=2054"},"modified":"2025-10-28T21:13:06","modified_gmt":"2025-10-28T21:13:06","slug":"la-transformacion-se-fortalece-desde-las-bases-en-solidaridad-temixco-senador-victor-mercado-acompana-eleccion-de-comite-seccional","status":"publish","type":"post","link":"http:\/\/apdnoticias.com\/?p=2054","title":{"rendered":"La transformaci\u00f3n se fortalece: Senador V\u00edctor Mercado acompa\u00f1a elecci\u00f3n de comit\u00e9\u00a0seccional"},"content":{"rendered":"\n<p>La transformaci\u00f3n sigue avanzando en todo Morelos de la mano del senador V\u00edctor Mercado, quien particip\u00f3&nbsp;como mentor en la elecci\u00f3n del Comit\u00e9&nbsp;Seccional de la colonia Solidaridad, perteneciente a la secci\u00f3n 948 de Temixco, Morelos.<\/p>\n\n\n\n<p>En un ejercicio ejemplar de democracia interna y total transparencia, resultaron electas Alina Shairedt Tapia como presidenta y Mar\u00eda Cristina Gonz\u00e1lez Mart\u00ednez como secretaria de la asamblea seccional.<\/p>\n\n\n\n<p>Durante su participaci\u00f3n, el senador V\u00edctor Mercado destac\u00f3&nbsp;la importancia de seguir conformando comit\u00e9s seccionales s\u00f3lidos, que fortalezcan la base social y pol\u00edtica del movimiento que inici\u00f3&nbsp;el&nbsp;ex-&nbsp;presidente Andr\u00e9s Manuel L\u00f3pez Obrador:<\/p>\n\n\n\n<p><strong>\u201c<\/strong><strong>Con organizaci<\/strong><strong>\u00f3<\/strong><strong>n, unidad y trabajo en territorio seguimos<\/strong><\/p>\n\n\n\n<p><strong>consolidando la transformaci<\/strong><strong>\u00f3<\/strong><strong>n para que llegue a cada rinc<\/strong><strong>\u00f3<\/strong><strong>n de<\/strong><\/p>\n\n\n\n<p><strong>M<\/strong><strong>\u00e9<\/strong><strong>xico.&nbsp;<\/strong><strong>\u00a1<\/strong><strong>Sigamos construyendo juntas y juntos un M<\/strong><strong>\u00e9<\/strong><strong>xico con<\/strong><\/p>\n\n\n\n<p><strong>bienestar!<\/strong><strong>\u201d<\/strong><strong>, expres<\/strong><strong>\u00f3<\/strong><strong>&nbsp;el S<\/strong><strong>enador.<\/strong><\/p>\n\n\n\n<p>Con este tipo de ejercicios democr\u00e1ticos, se consolida el compromiso de seguir fortaleciendo la organizaci\u00f3n y la participaci\u00f3n ciudadana, pilares fundamentales del proyecto de transformaci\u00f3n que sigue latiendo con fuerza en todo Morelos.<\/p>\n","protected":false},"excerpt":{"rendered":"<p>La transformaci\u00f3n sigue avanzando en todo Morelos de la mano del senador V\u00edctor Mercado, quien particip\u00f3&nbsp;como mentor en la elecci\u00f3n del Comit\u00e9&nbsp;Seccional de la colonia Solidaridad, perteneciente a la secci\u00f3n 948 de Temixco, Morelos. En un ejercicio ejemplar de democracia interna y total transparencia, resultaron electas Alina Shairedt Tapia como presidenta y Mar\u00eda Cristina Gonz\u00e1lez [&hellip;]<\/p>\n","protected":false},"author":3,"featured_media":2055,"comment_status":"open","ping_status":"open","sticky":false,"template":"","format":"standard","meta":{"_jetpack_memberships_contains_paid_content":false,"footnotes":""},"categories":[5],"tags":[],"class_list":["post-2054","post","type-post","status-publish","format-standard","has-post-thumbnail","hentry","category-morelos"],"jetpack_featured_media_url":"http:\/\/apdnoticias.com\/wp-content\/uploads\/2025\/10\/01e8c85c-5d26-42c3-8b08-bcd51212dd7d.jpeg","jetpack_sharing_enabled":true,"_links":{"self":[{"href":"http:\/\/apdnoticias.com\/index.php?rest_route=\/wp\/v2\/posts\/2054","targetHints":{"allow":["GET"]}}],"collection":[{"href":"http:\/\/apdnoticias.com\/index.php?rest_route=\/wp\/v2\/posts"}],"about":[{"href":"http:\/\/apdnoticias.com\/index.php?rest_route=\/wp\/v2\/types\/post"}],"author":[{"embeddable":true,"href":"http:\/\/apdnoticias.com\/index.php?rest_route=\/wp\/v2\/users\/3"}],"replies":[{"embeddable":true,"href":"http:\/\/apdnoticias.com\/index.php?rest_route=%2Fwp%2Fv2%2Fcomments&post=2054"}],"version-history":[{"count":2,"href":"http:\/\/apdnoticias.com\/index.php?rest_route=\/wp\/v2\/posts\/2054\/revisions"}],"predecessor-version":[{"id":2057,"href":"http:\/\/apdnoticias.com\/index.php?rest_route=\/wp\/v2\/posts\/2054\/revisions\/2057"}],"wp:featuredmedia":[{"embeddable":true,"href":"http:\/\/apdnoticias.com\/index.php?rest_route=\/wp\/v2\/media\/2055"}],"wp:attachment":[{"href":"http:\/\/apdnoticias.com\/index.php?rest_route=%2Fwp%2Fv2%2Fmedia&parent=2054"}],"wp:term":[{"taxonomy":"category","embeddable":true,"href":"http:\/\/apdnoticias.com\/index.php?rest_route=%2Fwp%2Fv2%2Fcategories&post=2054"},{"taxonomy":"post_tag","embeddable":true,"href":"http:\/\/apdnoticias.com\/index.php?rest_route=%2Fwp%2Fv2%2Ftags&post=2054"}],"curies":[{"name":"wp","href":"https:\/\/api.w.org\/{rel}","templated":true}]}}