{"id":2058,"date":"2025-10-29T18:34:58","date_gmt":"2025-10-29T18:34:58","guid":{"rendered":"https:\/\/apdnoticias.com\/?p=2058"},"modified":"2025-10-29T18:45:56","modified_gmt":"2025-10-29T18:45:56","slug":"seprac-cuernavaca-fortalece-la-capacitacion-policial-con-enfoque-en-derechos-humanos-y-perspectiva-de-genero","status":"publish","type":"post","link":"http:\/\/apdnoticias.com\/?p=2058","title":{"rendered":"SEPRAC Cuernavaca fortalece la capacitaci\u00f3n policial con enfoque en derechos humanos y perspectiva de g\u00e9nero"},"content":{"rendered":"\n<p>Nadya Limas <\/p>\n\n\n\n<p><em>Cuernavaca, Mor.<\/em>\u2013 Entre los meses de julio y septiembre, la\u00a0Secretar\u00eda de Protecci\u00f3n y Auxilio Ciudadano (SEPRAC)de Cuernavaca capacit\u00f3 a\u00a0428 elementos operativos y administrativos\u00a0en temas clave como\u00a0derechos humanos, perspectiva de g\u00e9nero, uso leg\u00edtimo de la fuerza y protocolos policiales.<\/p>\n\n\n\n<p>El titular de la dependencia,\u00a0Guillermo Garc\u00eda Delgado, inform\u00f3 que durante este periodo se impartieron\u00a014 cursos especializados, entre ellos sobre el\u00a0Informe Policial Homologado,\u00a0uso de armas de fuego,\u00a0lenguaje incluyente\u00a0y\u00a0defensa personal, con el prop\u00f3sito de fortalecer la preparaci\u00f3n integral del personal.<\/p>\n\n\n\n<p>Estas acciones, se\u00f1al\u00f3, dan cumplimiento a la instrucci\u00f3n del alcalde\u00a0Jos\u00e9 Luis Uri\u00f3stegui Salgado\u00a0de consolidar una\u00a0corporaci\u00f3n humana, profesional y emp\u00e1tica, comprometida con la legalidad, la sensibilidad social y el\u00a0respeto irrestricto a los derechos humanos\u00a0en el ejercicio de sus funciones.<\/p>\n\n\n\n<p>#Cuernavaca #Morelos<\/p>\n","protected":false},"excerpt":{"rendered":"<p>Nadya Limas Cuernavaca, Mor.\u2013 Entre los meses de julio y septiembre, la\u00a0Secretar\u00eda de Protecci\u00f3n y Auxilio Ciudadano (SEPRAC)de Cuernavaca capacit\u00f3 a\u00a0428 elementos operativos y administrativos\u00a0en temas clave como\u00a0derechos humanos, perspectiva de g\u00e9nero, uso leg\u00edtimo de la fuerza y protocolos policiales. El titular de la dependencia,\u00a0Guillermo Garc\u00eda Delgado, inform\u00f3 que durante este periodo se impartieron\u00a014 cursos [&hellip;]<\/p>\n","protected":false},"author":3,"featured_media":1961,"comment_status":"open","ping_status":"open","sticky":false,"template":"","format":"standard","meta":{"_jetpack_memberships_contains_paid_content":false,"footnotes":""},"categories":[13],"tags":[],"class_list":["post-2058","post","type-post","status-publish","format-standard","has-post-thumbnail","hentry","category-local"],"jetpack_featured_media_url":"http:\/\/apdnoticias.com\/wp-content\/uploads\/2025\/10\/IMG_3295.jpeg","jetpack_sharing_enabled":true,"_links":{"self":[{"href":"http:\/\/apdnoticias.com\/index.php?rest_route=\/wp\/v2\/posts\/2058","targetHints":{"allow":["GET"]}}],"collection":[{"href":"http:\/\/apdnoticias.com\/index.php?rest_route=\/wp\/v2\/posts"}],"about":[{"href":"http:\/\/apdnoticias.com\/index.php?rest_route=\/wp\/v2\/types\/post"}],"author":[{"embeddable":true,"href":"http:\/\/apdnoticias.com\/index.php?rest_route=\/wp\/v2\/users\/3"}],"replies":[{"embeddable":true,"href":"http:\/\/apdnoticias.com\/index.php?rest_route=%2Fwp%2Fv2%2Fcomments&post=2058"}],"version-history":[{"count":3,"href":"http:\/\/apdnoticias.com\/index.php?rest_route=\/wp\/v2\/posts\/2058\/revisions"}],"predecessor-version":[{"id":2061,"href":"http:\/\/apdnoticias.com\/index.php?rest_route=\/wp\/v2\/posts\/2058\/revisions\/2061"}],"wp:featuredmedia":[{"embeddable":true,"href":"http:\/\/apdnoticias.com\/index.php?rest_route=\/wp\/v2\/media\/1961"}],"wp:attachment":[{"href":"http:\/\/apdnoticias.com\/index.php?rest_route=%2Fwp%2Fv2%2Fmedia&parent=2058"}],"wp:term":[{"taxonomy":"category","embeddable":true,"href":"http:\/\/apdnoticias.com\/index.php?rest_route=%2Fwp%2Fv2%2Fcategories&post=2058"},{"taxonomy":"post_tag","embeddable":true,"href":"http:\/\/apdnoticias.com\/index.php?rest_route=%2Fwp%2Fv2%2Ftags&post=2058"}],"curies":[{"name":"wp","href":"https:\/\/api.w.org\/{rel}","templated":true}]}}