{"id":2066,"date":"2025-10-29T20:59:40","date_gmt":"2025-10-29T20:59:40","guid":{"rendered":"https:\/\/apdnoticias.com\/?p=2066"},"modified":"2025-10-29T20:59:40","modified_gmt":"2025-10-29T20:59:40","slug":"localizan-con-vida-a-menor-reportada-como-desaparecida-en-cuernavaca","status":"publish","type":"post","link":"http:\/\/apdnoticias.com\/?p=2066","title":{"rendered":"Localizan con vida a menor reportada como desaparecida en Cuernavaca"},"content":{"rendered":"\n<p>Nadya Limas<\/p>\n\n\n\n<p>Elementos de la\u00a0Secretar\u00eda de Protecci\u00f3n y Auxilio Ciudadano (SEPRAC)\u00a0lograron\u00a0localizar con vida a Azul \u201cN\u201d, una adolescente de\u00a015 a\u00f1os de edad\u00a0que hab\u00eda sido reportada como desaparecida el pasado\u00a028 de octubre\u00a0en el municipio de\u00a0Cuernavaca.<\/p>\n\n\n\n<p>De acuerdo con la dependencia, la localizaci\u00f3n fue posible gracias a la\u00a0coordinaci\u00f3n operativa\u00a0de la\u00a0Jefatura de Personas Desaparecidas\u00a0y al trabajo conjunto con la\u00a0Agencia de Investigaci\u00f3n Criminal (AIC), permitiendo ubicar a la menor en buen estado de salud.<\/p>\n\n\n\n<p>La\u00a0SEPRAC\u00a0reiter\u00f3 su\u00a0compromiso con la atenci\u00f3n inmediata de reportes ciudadanos\u00a0y con el fortalecimiento de la colaboraci\u00f3n interinstitucional para salvaguardar la integridad de las personas en el municipio.<\/p>\n\n\n\n<p>La autoridad record\u00f3 a la ciudadan\u00eda que, ante cualquier situaci\u00f3n de riesgo o persona no localizada, puede comunicarse al\u00a0C4 Cuernavaca al n\u00famero 777 312 1274.<\/p>\n","protected":false},"excerpt":{"rendered":"<p>Nadya Limas Elementos de la\u00a0Secretar\u00eda de Protecci\u00f3n y Auxilio Ciudadano (SEPRAC)\u00a0lograron\u00a0localizar con vida a Azul \u201cN\u201d, una adolescente de\u00a015 a\u00f1os de edad\u00a0que hab\u00eda sido reportada como desaparecida el pasado\u00a028 de octubre\u00a0en el municipio de\u00a0Cuernavaca. De acuerdo con la dependencia, la localizaci\u00f3n fue posible gracias a la\u00a0coordinaci\u00f3n operativa\u00a0de la\u00a0Jefatura de Personas Desaparecidas\u00a0y al trabajo conjunto con [&hellip;]<\/p>\n","protected":false},"author":3,"featured_media":2067,"comment_status":"open","ping_status":"open","sticky":false,"template":"","format":"standard","meta":{"_jetpack_memberships_contains_paid_content":false,"footnotes":""},"categories":[13],"tags":[],"class_list":["post-2066","post","type-post","status-publish","format-standard","has-post-thumbnail","hentry","category-local"],"jetpack_featured_media_url":"http:\/\/apdnoticias.com\/wp-content\/uploads\/2025\/10\/IMG_3927.jpeg","jetpack_sharing_enabled":true,"_links":{"self":[{"href":"http:\/\/apdnoticias.com\/index.php?rest_route=\/wp\/v2\/posts\/2066","targetHints":{"allow":["GET"]}}],"collection":[{"href":"http:\/\/apdnoticias.com\/index.php?rest_route=\/wp\/v2\/posts"}],"about":[{"href":"http:\/\/apdnoticias.com\/index.php?rest_route=\/wp\/v2\/types\/post"}],"author":[{"embeddable":true,"href":"http:\/\/apdnoticias.com\/index.php?rest_route=\/wp\/v2\/users\/3"}],"replies":[{"embeddable":true,"href":"http:\/\/apdnoticias.com\/index.php?rest_route=%2Fwp%2Fv2%2Fcomments&post=2066"}],"version-history":[{"count":1,"href":"http:\/\/apdnoticias.com\/index.php?rest_route=\/wp\/v2\/posts\/2066\/revisions"}],"predecessor-version":[{"id":2068,"href":"http:\/\/apdnoticias.com\/index.php?rest_route=\/wp\/v2\/posts\/2066\/revisions\/2068"}],"wp:featuredmedia":[{"embeddable":true,"href":"http:\/\/apdnoticias.com\/index.php?rest_route=\/wp\/v2\/media\/2067"}],"wp:attachment":[{"href":"http:\/\/apdnoticias.com\/index.php?rest_route=%2Fwp%2Fv2%2Fmedia&parent=2066"}],"wp:term":[{"taxonomy":"category","embeddable":true,"href":"http:\/\/apdnoticias.com\/index.php?rest_route=%2Fwp%2Fv2%2Fcategories&post=2066"},{"taxonomy":"post_tag","embeddable":true,"href":"http:\/\/apdnoticias.com\/index.php?rest_route=%2Fwp%2Fv2%2Ftags&post=2066"}],"curies":[{"name":"wp","href":"https:\/\/api.w.org\/{rel}","templated":true}]}}