{"id":2073,"date":"2025-10-30T18:40:00","date_gmt":"2025-10-30T18:40:00","guid":{"rendered":"https:\/\/apdnoticias.com\/?p=2073"},"modified":"2025-10-30T18:40:00","modified_gmt":"2025-10-30T18:40:00","slug":"vinculan-a-proceso-a-tres-ex-funcionarios-de-la-secretaria-de-desarrollo-sustentable-por-presunto-dano-a-planta-de-residuos","status":"publish","type":"post","link":"http:\/\/apdnoticias.com\/?p=2073","title":{"rendered":"Vinculan a proceso a tres ex funcionarios de la Secretar\u00eda de Desarrollo Sustentable por presunto da\u00f1o a planta de residuos"},"content":{"rendered":"\n<p>Nadya Limas <\/p>\n\n\n\n<p>La\u00a0Fiscal\u00eda Especializada en Combate a la Corrupci\u00f3n (FECC)\u00a0obtuvo la\u00a0vinculaci\u00f3n a proceso\u00a0de tres ex funcionarios de la\u00a0Secretar\u00eda de Desarrollo Sustentable (SDS), identificados como\u00a0Einar Topiltzin \u201cN\u201d,\u00a0No\u00e9 \u201cN\u201d\u00a0y\u00a0Jos\u00e9 Iv\u00e1n \u201cN\u201d, por su presunta participaci\u00f3n en el delito de\u00a0ejercicio indebido del servicio p\u00fablico.<\/p>\n\n\n\n<p>Durante una audiencia celebrada en la\u00a0Ciudad Judicial de Atlacholoaya, en el municipio de\u00a0Xochitepec, un juez de control consider\u00f3 suficientes los elementos de prueba presentados por la Fiscal\u00eda para iniciar proceso penal en su contra. A los imputados se les impusieron\u00a0medidas cautelares distintas a la prisi\u00f3n preventiva, y se otorg\u00f3 un plazo de\u00a0seis meses para el cierre de la investigaci\u00f3n complementaria.<\/p>\n\n\n\n<p>De acuerdo con la indagatoria, los ex servidores p\u00fablicos \u2014quienes ocuparon cargos directivos en la SDS durante el periodo\u00a02012\u20132018\u2014 habr\u00edan incurrido en irregularidades que provocaron un\u00a0da\u00f1o irreversible a la planta de valorizaci\u00f3n de residuos s\u00f3lidos\u00a0ubicada en Xochitepec, generando afectaciones a su operatividad y al erario estatal.<\/p>\n\n\n\n<p>Este caso forma parte de una\u00a0carpeta de investigaci\u00f3n m\u00e1s amplia, dentro de la cual los mismos ex funcionarios ya hab\u00edan sido vinculados a proceso en\u00a0mayo de 2025\u00a0por hechos relacionados.<\/p>\n\n\n\n<p>La\u00a0FECC\u00a0reiter\u00f3 su compromiso de continuar impulsando acciones para\u00a0combatir la corrupci\u00f3n y fortalecer la rendici\u00f3n de cuentas\u00a0en el servicio p\u00fablico.<\/p>\n\n\n\n<p>Conforme al art\u00edculo 13 del\u00a0C\u00f3digo Nacional de Procedimientos Penales, se recuerda que\u00a0<em>toda persona se presume inocente y ser\u00e1 tratada como tal hasta que exista una sentencia condenatoria firme<\/em>.<\/p>\n","protected":false},"excerpt":{"rendered":"<p>Nadya Limas La\u00a0Fiscal\u00eda Especializada en Combate a la Corrupci\u00f3n (FECC)\u00a0obtuvo la\u00a0vinculaci\u00f3n a proceso\u00a0de tres ex funcionarios de la\u00a0Secretar\u00eda de Desarrollo Sustentable (SDS), identificados como\u00a0Einar Topiltzin \u201cN\u201d,\u00a0No\u00e9 \u201cN\u201d\u00a0y\u00a0Jos\u00e9 Iv\u00e1n \u201cN\u201d, por su presunta participaci\u00f3n en el delito de\u00a0ejercicio indebido del servicio p\u00fablico. Durante una audiencia celebrada en la\u00a0Ciudad Judicial de Atlacholoaya, en el municipio de\u00a0Xochitepec, un [&hellip;]<\/p>\n","protected":false},"author":3,"featured_media":2074,"comment_status":"open","ping_status":"open","sticky":false,"template":"","format":"standard","meta":{"_jetpack_memberships_contains_paid_content":false,"footnotes":""},"categories":[5],"tags":[],"class_list":["post-2073","post","type-post","status-publish","format-standard","has-post-thumbnail","hentry","category-morelos"],"jetpack_featured_media_url":"http:\/\/apdnoticias.com\/wp-content\/uploads\/2025\/10\/ccd44f8f-b50e-43ba-8acc-b15d66327e63.jpeg","jetpack_sharing_enabled":true,"_links":{"self":[{"href":"http:\/\/apdnoticias.com\/index.php?rest_route=\/wp\/v2\/posts\/2073","targetHints":{"allow":["GET"]}}],"collection":[{"href":"http:\/\/apdnoticias.com\/index.php?rest_route=\/wp\/v2\/posts"}],"about":[{"href":"http:\/\/apdnoticias.com\/index.php?rest_route=\/wp\/v2\/types\/post"}],"author":[{"embeddable":true,"href":"http:\/\/apdnoticias.com\/index.php?rest_route=\/wp\/v2\/users\/3"}],"replies":[{"embeddable":true,"href":"http:\/\/apdnoticias.com\/index.php?rest_route=%2Fwp%2Fv2%2Fcomments&post=2073"}],"version-history":[{"count":1,"href":"http:\/\/apdnoticias.com\/index.php?rest_route=\/wp\/v2\/posts\/2073\/revisions"}],"predecessor-version":[{"id":2075,"href":"http:\/\/apdnoticias.com\/index.php?rest_route=\/wp\/v2\/posts\/2073\/revisions\/2075"}],"wp:featuredmedia":[{"embeddable":true,"href":"http:\/\/apdnoticias.com\/index.php?rest_route=\/wp\/v2\/media\/2074"}],"wp:attachment":[{"href":"http:\/\/apdnoticias.com\/index.php?rest_route=%2Fwp%2Fv2%2Fmedia&parent=2073"}],"wp:term":[{"taxonomy":"category","embeddable":true,"href":"http:\/\/apdnoticias.com\/index.php?rest_route=%2Fwp%2Fv2%2Fcategories&post=2073"},{"taxonomy":"post_tag","embeddable":true,"href":"http:\/\/apdnoticias.com\/index.php?rest_route=%2Fwp%2Fv2%2Ftags&post=2073"}],"curies":[{"name":"wp","href":"https:\/\/api.w.org\/{rel}","templated":true}]}}