{"id":2077,"date":"2025-10-31T04:02:10","date_gmt":"2025-10-31T04:02:10","guid":{"rendered":"https:\/\/apdnoticias.com\/?p=2077"},"modified":"2025-10-31T04:02:10","modified_gmt":"2025-10-31T04:02:10","slug":"ayuntamiento-y-dif-cuernavaca-acerca-servicios-gratuitos-a-familias-de-flores-magon","status":"publish","type":"post","link":"http:\/\/apdnoticias.com\/?p=2077","title":{"rendered":"Ayuntamiento y DIF Cuernavaca acerca servicios gratuitos a familias de Flores Mag\u00f3n"},"content":{"rendered":"\n<p><em>AYUNTAMIENTO Y DIF CUERNAVACA ACERCAN SERVICIOS GRATUITOS A FAMILIAS DE FLORES MAG\u00d3N CON LA JORNADA \u201cCUERNAVACA EN TU COLONIA\u201d<\/em><\/p>\n\n\n\n<p>\u2022 Habitantes de zonas aleda\u00f1as como Tulipanes, 5 Fraccionamiento y Joya de los Jilgueros tambi\u00e9n se vieron beneficiados con programas municipales<\/p>\n\n\n\n<p>El presidente municipal Jos\u00e9 Luis Uri\u00f3stegui Salgado encabez\u00f3 la segunda edici\u00f3n de la jornada \u201cCuernavaca en tu Colonia\u201d, realizada este jueves en los campos y canchas deportivas de la colonia Flores Mag\u00f3n, donde vecinas y vecinos recibieron servicios m\u00e9dicos, tr\u00e1mites, asesor\u00edas y programas sociales totalmente gratuitos.<\/p>\n\n\n\n<p>Durante el recorrido, el alcalde reconoci\u00f3 el esfuerzo conjunto de las dependencias municipales que participan en esta estrategia de atenci\u00f3n directa, cuyo prop\u00f3sito es acercar los servicios p\u00fablicos a la poblaci\u00f3n y fortalecer la relaci\u00f3n entre gobierno y ciudadan\u00eda.<\/p>\n\n\n\n<p>La jornada en Flores Mag\u00f3n funcion\u00f3 adem\u00e1s como punto central de atenci\u00f3n para las colonias aleda\u00f1as, beneficiando a habitantes de Tulipanes, 5 Fraccionamiento, Joya de los Jilgueros, entre otras, lo que permiti\u00f3 ampliar el alcance de los programas municipales en esta zona de Cuernavaca.<\/p>\n\n\n\n<p>Estas acciones forman parte de una estrategia permanente de atenci\u00f3n ciudadana impulsada por el Gobierno Municipal, que inici\u00f3 el pasado 24 de septiembre con la primera jornada en Los Patios de la Estaci\u00f3n, donde se brindaron m\u00e1s de 600 servicios con gran respuesta por parte de la poblaci\u00f3n.<\/p>\n\n\n\n<p>En esta segunda edici\u00f3n participaron diversas \u00e1reas del Ayuntamiento, entre ellas el Sistema DIF Cuernavaca, la Secretar\u00eda de Desarrollo Sustentable y Servicios P\u00fablicos (SDSySP), la Secretar\u00eda de Protecci\u00f3n y Auxilio Ciudadano (SEPRAC), el Sistema de Agua Potable y Alcantarillado de Cuernavaca (SAPAC), la Secretar\u00eda del Ayuntamiento, la Secretar\u00eda de Desarrollo Humano y Participaci\u00f3n Social (SDHyPS), la Direcci\u00f3n de Predial y Catastro, as\u00ed como la Contralor\u00eda Municipal.<\/p>\n\n\n\n<p>Las y los asistentes tuvieron acceso a una amplia gama de servicios gratuitos, como:<br>\u2022 Consulta m\u00e9dica general y dental<br>\u2022 Atenci\u00f3n en la Unidad B\u00e1sica de Rehabilitaci\u00f3n del DIF Cuernavaca<br>\u2022 Corte de cabello y servicios de belleza<br>\u2022 Impresi\u00f3n gratuita de actas de nacimiento<br>\u2022 Vacunaci\u00f3n para caninos y felinos.<br>\u2022 Entrega de abate para prevenir enfermedades transmitidas por mosquitos<br>\u2022 Tr\u00e1mites en las Oficial\u00edas del Registro Civil<br>\u2022 Asesor\u00eda m\u00e9dica veterinaria<br>\u2022 Retiro de desechos vegetales y escombro<br>\u2022 Informaci\u00f3n sobre becas educativas, deportivas y culturales<br>\u2022 Orientaci\u00f3n sobre programas sociales y tr\u00e1mites migratorios<br>\u2022 Programas de prevenci\u00f3n del delito y servicios de Protecci\u00f3n Civil<br>\u2022 Descuentos en multas y recargos del servicio de agua potable<br>\u2022 Regularizaci\u00f3n de tomas y recepci\u00f3n de reportes por fugas<\/p>\n\n\n\n<p>La jornada se desarroll\u00f3 de 9:00 a 14:00 horas, beneficiando a decenas de familias que aprovecharon esta oportunidad para realizar tr\u00e1mites, recibir atenci\u00f3n m\u00e9dica y mejorar el bienestar de sus hogares.<\/p>\n\n\n\n<p>El Ayuntamiento de Cuernavaca y el Sistema Municipal DIF Cuernavaca invitan a la ciudadan\u00eda a mantenerse atenta a las redes sociales oficiales, donde se dar\u00e1 a conocer la sede de la siguiente jornada \u201cCuernavaca en tu Colonia\u201d, que se llevar\u00e1 a cabo a finales del mes de noviembre.<\/p>\n","protected":false},"excerpt":{"rendered":"<p>AYUNTAMIENTO Y DIF CUERNAVACA ACERCAN SERVICIOS GRATUITOS A FAMILIAS DE FLORES MAG\u00d3N CON LA JORNADA \u201cCUERNAVACA EN TU COLONIA\u201d \u2022 Habitantes de zonas aleda\u00f1as como Tulipanes, 5 Fraccionamiento y Joya de los Jilgueros tambi\u00e9n se vieron beneficiados con programas municipales El presidente municipal Jos\u00e9 Luis Uri\u00f3stegui Salgado encabez\u00f3 la segunda edici\u00f3n de la jornada \u201cCuernavaca [&hellip;]<\/p>\n","protected":false},"author":3,"featured_media":2078,"comment_status":"open","ping_status":"open","sticky":false,"template":"","format":"standard","meta":{"_jetpack_memberships_contains_paid_content":false,"footnotes":""},"categories":[13],"tags":[],"class_list":["post-2077","post","type-post","status-publish","format-standard","has-post-thumbnail","hentry","category-local"],"jetpack_featured_media_url":"http:\/\/apdnoticias.com\/wp-content\/uploads\/2025\/10\/825133B8-1BD8-4ED7-96C9-53FF9E50344D.jpeg","jetpack_sharing_enabled":true,"_links":{"self":[{"href":"http:\/\/apdnoticias.com\/index.php?rest_route=\/wp\/v2\/posts\/2077","targetHints":{"allow":["GET"]}}],"collection":[{"href":"http:\/\/apdnoticias.com\/index.php?rest_route=\/wp\/v2\/posts"}],"about":[{"href":"http:\/\/apdnoticias.com\/index.php?rest_route=\/wp\/v2\/types\/post"}],"author":[{"embeddable":true,"href":"http:\/\/apdnoticias.com\/index.php?rest_route=\/wp\/v2\/users\/3"}],"replies":[{"embeddable":true,"href":"http:\/\/apdnoticias.com\/index.php?rest_route=%2Fwp%2Fv2%2Fcomments&post=2077"}],"version-history":[{"count":1,"href":"http:\/\/apdnoticias.com\/index.php?rest_route=\/wp\/v2\/posts\/2077\/revisions"}],"predecessor-version":[{"id":2079,"href":"http:\/\/apdnoticias.com\/index.php?rest_route=\/wp\/v2\/posts\/2077\/revisions\/2079"}],"wp:featuredmedia":[{"embeddable":true,"href":"http:\/\/apdnoticias.com\/index.php?rest_route=\/wp\/v2\/media\/2078"}],"wp:attachment":[{"href":"http:\/\/apdnoticias.com\/index.php?rest_route=%2Fwp%2Fv2%2Fmedia&parent=2077"}],"wp:term":[{"taxonomy":"category","embeddable":true,"href":"http:\/\/apdnoticias.com\/index.php?rest_route=%2Fwp%2Fv2%2Fcategories&post=2077"},{"taxonomy":"post_tag","embeddable":true,"href":"http:\/\/apdnoticias.com\/index.php?rest_route=%2Fwp%2Fv2%2Ftags&post=2077"}],"curies":[{"name":"wp","href":"https:\/\/api.w.org\/{rel}","templated":true}]}}