{"id":2083,"date":"2025-11-01T02:24:17","date_gmt":"2025-11-01T02:24:17","guid":{"rendered":"https:\/\/apdnoticias.com\/?p=2083"},"modified":"2025-11-01T02:24:17","modified_gmt":"2025-11-01T02:24:17","slug":"ayuntamiento-de-cuernavaca-celebra-tradiciones-mexicanas","status":"publish","type":"post","link":"http:\/\/apdnoticias.com\/?p=2083","title":{"rendered":"Ayuntamiento de Cuernavaca celebra tradiciones  mexicanas"},"content":{"rendered":"\n<p>\u2022 Con talento, creatividad y compromiso, las y los servidores p\u00fablicos municipales reafirmaron el orgullo y la identidad que nos unen como pueblo<\/p>\n\n\n\n<p>\u2022 Familias enteras disfrutaron de un ambiente lleno de tradici\u00f3n, m\u00fasica y color en la explanada municipal<\/p>\n\n\n\n<p>Con gran participaci\u00f3n y entusiasmo, el Ayuntamiento de Cuernavaca llev\u00f3 a cabo la Exposici\u00f3n y concurso de Ofrendas del D\u00eda de Muertos, una actividad que reuni\u00f3 el talento, la creatividad y el compromiso de las y los servidores p\u00fablicos municipales, quienes rindieron homenaje a esta tradici\u00f3n ancestral que enaltece la identidad y la cultura mexicana.<\/p>\n\n\n\n<p>En total, siete secretar\u00edas y dependencias municipales participaron en la exposici\u00f3n, dedicando tiempo y esmero a la creaci\u00f3n de sus altares. La Secretar\u00eda de Protecci\u00f3n y Auxilio Ciudadano de Cuernavaca (Seprac) honr\u00f3 la memoria de los elementos de la corporaci\u00f3n que han trascendido, mientras que Presidencia Municipal elabor\u00f3 una ofrenda especial que represent\u00f3 a los 12 pueblos originarios de Cuernavaca, destacando la riqueza cultural de cada uno.<\/p>\n\n\n\n<p>Por su parte, la Secretar\u00eda de Desarrollo Econ\u00f3mico y Turismo (SDEyT) destac\u00f3 por la creatividad y el detalle en la caracterizaci\u00f3n de sus catrinas y catrines; en tanto, el Sistema de Agua Potable y Alcantarillado de Cuernavaca (SAPAC) dedic\u00f3 su altar a los dioses del agua, Tl\u00e1loc y Chalchiuhtlicue, incorporando elementos naturales y simb\u00f3licos relacionados con el vital l\u00edquido.<\/p>\n\n\n\n<p>Asimismo, la Secretar\u00eda del Ayuntamiento, la Secretar\u00eda de Administraci\u00f3n y la Sindicatura presentaron trabajos que reflejaron el respeto y la admiraci\u00f3n por esta festividad.<\/p>\n\n\n\n<p>El presidente municipal, Jos\u00e9 Luis Uri\u00f3stegui Salgado, reconoci\u00f3 y agradeci\u00f3 el esfuerzo de las y los colaboradores del Ayuntamiento, quienes, con dedicaci\u00f3n y sentido de pertenencia, recrearon la esencia de las ofrendas tradicionales de los pueblos de Ocotepec y Ahuatepec, incorporando tapetes de semillas y aserr\u00edn que aportaron color, aroma y simbolismo a cada altar.<\/p>\n\n\n\n<p>Las familias que acudieron a la explanada municipal disfrutaron de un ambiente lleno de tradici\u00f3n, m\u00fasica y color, adem\u00e1s de tomarse la foto del recuerdo junto a las ofrendas.<\/p>\n\n\n\n<p>Como cierre de esta jornada cultural, se realiz\u00f3 un desfile de catrinas y catrines del Ayuntamiento, que parti\u00f3 rumbo al Museo de la Ciudad de Cuernavaca, donde continu\u00f3 la visita a las ofrendas instaladas en dicho recinto.<\/p>\n\n\n\n<p>El concurso de ofrendas fue organizado por la Secretar\u00eda de Desarrollo Econ\u00f3mico y Turismo, reafirmando el compromiso del Ayuntamiento de Cuernavaca con la preservaci\u00f3n de las tradiciones mexicanas y el fortalecimiento del orgullo cultural que distingue a la capital morelense.<\/p>\n","protected":false},"excerpt":{"rendered":"<p>\u2022 Con talento, creatividad y compromiso, las y los servidores p\u00fablicos municipales reafirmaron el orgullo y la identidad que nos unen como pueblo \u2022 Familias enteras disfrutaron de un ambiente lleno de tradici\u00f3n, m\u00fasica y color en la explanada municipal Con gran participaci\u00f3n y entusiasmo, el Ayuntamiento de Cuernavaca llev\u00f3 a cabo la Exposici\u00f3n y [&hellip;]<\/p>\n","protected":false},"author":3,"featured_media":2084,"comment_status":"open","ping_status":"open","sticky":false,"template":"","format":"standard","meta":{"_jetpack_memberships_contains_paid_content":false,"footnotes":""},"categories":[13],"tags":[],"class_list":["post-2083","post","type-post","status-publish","format-standard","has-post-thumbnail","hentry","category-local"],"jetpack_featured_media_url":"http:\/\/apdnoticias.com\/wp-content\/uploads\/2025\/11\/C6118CE0-7D5A-4C19-9AD3-2D8290807611.jpeg","jetpack_sharing_enabled":true,"_links":{"self":[{"href":"http:\/\/apdnoticias.com\/index.php?rest_route=\/wp\/v2\/posts\/2083","targetHints":{"allow":["GET"]}}],"collection":[{"href":"http:\/\/apdnoticias.com\/index.php?rest_route=\/wp\/v2\/posts"}],"about":[{"href":"http:\/\/apdnoticias.com\/index.php?rest_route=\/wp\/v2\/types\/post"}],"author":[{"embeddable":true,"href":"http:\/\/apdnoticias.com\/index.php?rest_route=\/wp\/v2\/users\/3"}],"replies":[{"embeddable":true,"href":"http:\/\/apdnoticias.com\/index.php?rest_route=%2Fwp%2Fv2%2Fcomments&post=2083"}],"version-history":[{"count":1,"href":"http:\/\/apdnoticias.com\/index.php?rest_route=\/wp\/v2\/posts\/2083\/revisions"}],"predecessor-version":[{"id":2085,"href":"http:\/\/apdnoticias.com\/index.php?rest_route=\/wp\/v2\/posts\/2083\/revisions\/2085"}],"wp:featuredmedia":[{"embeddable":true,"href":"http:\/\/apdnoticias.com\/index.php?rest_route=\/wp\/v2\/media\/2084"}],"wp:attachment":[{"href":"http:\/\/apdnoticias.com\/index.php?rest_route=%2Fwp%2Fv2%2Fmedia&parent=2083"}],"wp:term":[{"taxonomy":"category","embeddable":true,"href":"http:\/\/apdnoticias.com\/index.php?rest_route=%2Fwp%2Fv2%2Fcategories&post=2083"},{"taxonomy":"post_tag","embeddable":true,"href":"http:\/\/apdnoticias.com\/index.php?rest_route=%2Fwp%2Fv2%2Ftags&post=2083"}],"curies":[{"name":"wp","href":"https:\/\/api.w.org\/{rel}","templated":true}]}}