{"id":212,"date":"2024-09-16T05:47:29","date_gmt":"2024-09-16T05:47:29","guid":{"rendered":"http:\/\/apdnoticias.com\/?p=212"},"modified":"2024-09-16T05:47:29","modified_gmt":"2024-09-16T05:47:29","slug":"comunicado-estatal-ante-hechos-que-involucran-al-periodista-del-municipio-de-ayala-morelos","status":"publish","type":"post","link":"http:\/\/apdnoticias.com\/?p=212","title":{"rendered":"Comunicado estatal ante hechos que involucran al periodista del municipio de Ayala Morelos"},"content":{"rendered":"\n<p>Ante los lamentables hechos que se registraron esta tarde en las instalaciones de Seguridad P\u00fablica del municipio de Ayala, donde se vio involucrado el periodista Francisco Cede\u00f1o, el Gobierno del Estado informa que reprueba cualquier acto de violencia y\/o abuso de autoridad.<\/p>\n\n\n\n<p>Adem\u00e1s que, el respeto a la libertad de expresi\u00f3n siempre ha sido y ser\u00e1 una prioridad para la presente Administraci\u00f3n.<\/p>\n\n\n\n<p>Es por eso que, por instrucciones del gobernador en suplencia del titular del Poder Ejecutivo, Samuel Sotelo Salgado, se llevar\u00e1n a cabo las investigaciones correspondientes para determinar si existe alg\u00fan tipo de responsabilidad por parte de los involucrados.<\/p>\n\n\n\n<p>Cabe se\u00f1alar que, desde el primer momento las autoridades estatales entablaron comunicaci\u00f3n con el Ayuntamiento, as\u00ed como con la esposa del periodista.<\/p>\n\n\n\n<p>Al momento, Francisco Cede\u00f1o <em>se encuentra en valoraci\u00f3n m\u00e9dica<\/em> acompa\u00f1ado de su familia y por medio del Mecanismo de protecci\u00f3n de personas defensoras de derechos humanos y periodistas estatal, se le estar\u00e1 dando el acompa\u00f1amiento necesario.<\/p>\n","protected":false},"excerpt":{"rendered":"<p>Ante los lamentables hechos que se registraron esta tarde en las instalaciones de Seguridad P\u00fablica del municipio de Ayala, donde se vio involucrado el periodista Francisco Cede\u00f1o, el Gobierno del Estado informa que reprueba cualquier acto de violencia y\/o abuso de autoridad. Adem\u00e1s que, el respeto a la libertad de expresi\u00f3n siempre ha sido y [&hellip;]<\/p>\n","protected":false},"author":3,"featured_media":213,"comment_status":"open","ping_status":"open","sticky":false,"template":"","format":"standard","meta":{"_jetpack_memberships_contains_paid_content":false,"footnotes":""},"categories":[5],"tags":[],"class_list":["post-212","post","type-post","status-publish","format-standard","has-post-thumbnail","hentry","category-morelos"],"jetpack_featured_media_url":"http:\/\/apdnoticias.com\/wp-content\/uploads\/2024\/09\/IMG_7141.png","jetpack_sharing_enabled":true,"_links":{"self":[{"href":"http:\/\/apdnoticias.com\/index.php?rest_route=\/wp\/v2\/posts\/212","targetHints":{"allow":["GET"]}}],"collection":[{"href":"http:\/\/apdnoticias.com\/index.php?rest_route=\/wp\/v2\/posts"}],"about":[{"href":"http:\/\/apdnoticias.com\/index.php?rest_route=\/wp\/v2\/types\/post"}],"author":[{"embeddable":true,"href":"http:\/\/apdnoticias.com\/index.php?rest_route=\/wp\/v2\/users\/3"}],"replies":[{"embeddable":true,"href":"http:\/\/apdnoticias.com\/index.php?rest_route=%2Fwp%2Fv2%2Fcomments&post=212"}],"version-history":[{"count":1,"href":"http:\/\/apdnoticias.com\/index.php?rest_route=\/wp\/v2\/posts\/212\/revisions"}],"predecessor-version":[{"id":214,"href":"http:\/\/apdnoticias.com\/index.php?rest_route=\/wp\/v2\/posts\/212\/revisions\/214"}],"wp:featuredmedia":[{"embeddable":true,"href":"http:\/\/apdnoticias.com\/index.php?rest_route=\/wp\/v2\/media\/213"}],"wp:attachment":[{"href":"http:\/\/apdnoticias.com\/index.php?rest_route=%2Fwp%2Fv2%2Fmedia&parent=212"}],"wp:term":[{"taxonomy":"category","embeddable":true,"href":"http:\/\/apdnoticias.com\/index.php?rest_route=%2Fwp%2Fv2%2Fcategories&post=212"},{"taxonomy":"post_tag","embeddable":true,"href":"http:\/\/apdnoticias.com\/index.php?rest_route=%2Fwp%2Fv2%2Ftags&post=212"}],"curies":[{"name":"wp","href":"https:\/\/api.w.org\/{rel}","templated":true}]}}