{"id":2311,"date":"2025-11-27T16:18:27","date_gmt":"2025-11-27T16:18:27","guid":{"rendered":"https:\/\/apdnoticias.com\/?p=2311"},"modified":"2025-11-27T16:18:27","modified_gmt":"2025-11-27T16:18:27","slug":"entra-en-vigor-nueva-ley-de-movilidad-en-morelos-prohiben-que-menores-de-12-anos-viajen-en-moto","status":"publish","type":"post","link":"http:\/\/apdnoticias.com\/?p=2311","title":{"rendered":"Entra en vigor nueva Ley de Movilidad en Morelos; proh\u00edben que menores de 12 a\u00f1os viajen en moto"},"content":{"rendered":"\n<p>Nadya Limas <\/p>\n\n\n\n<p>MORELOS.- El estado estren\u00f3 este 25 de noviembre de 2025 una nueva Ley de Movilidad, Transporte y Seguridad Vial, publicada en el Peri\u00f3dico Oficial\u00a0<em>Tierra y Libertad<\/em>, la cual impone regulaciones m\u00e1s estrictas para el uso de motocicletas en todo el estado.<\/p>\n\n\n\n<p>Una de las medidas m\u00e1s relevantes es la prohibici\u00f3n total de transportar a ni\u00f1as y ni\u00f1os menores de 12 a\u00f1os en motocicleta. La disposici\u00f3n, contenida en el Art\u00edculo 136, tambi\u00e9n impide llevar a personas que no puedan sostenerse con firmeza o que no alcancen los posapi\u00e9s, adem\u00e1s de reiterar que los veh\u00edculos no podr\u00e1n transportar m\u00e1s pasajeros de los permitidos por su dise\u00f1o.<\/p>\n\n\n\n<p>La ley tambi\u00e9n endurece los criterios sobre el uso del casco. A partir de ahora, tanto conductores como acompa\u00f1antes deber\u00e1n portar cascos certificados bajo la Norma Oficial Mexicana o est\u00e1ndares internacionales equivalentes. Los cascos sin certificaci\u00f3n o de baja protecci\u00f3n ser\u00e1n motivo de infracci\u00f3n.<\/p>\n\n\n\n<p>En materia de circulaci\u00f3n, el Art\u00edculo 137 obliga a los motociclistas a mantener siempre encendidas las luces del veh\u00edculo y a ocupar un carril completo. La pr\u00e1ctica de circular entre autos o entre carriles queda expresamente prohibida y ser\u00e1 sancionada.<\/p>\n\n\n\n<p>El Art\u00edculo 138 a\u00f1ade que todas las motocicletas deber\u00e1n portar placa met\u00e1lica vigente y tarjeta de circulaci\u00f3n actualizada, ya sea f\u00edsica o digital. Las autoridades adelantaron que se realizar\u00e1n operativos permanentes para revisar el cumplimiento y que las multas ser\u00e1n elevadas. Las unidades irregulares podr\u00e1n ser llevadas al corral\u00f3n.<\/p>\n\n\n\n<p>Con estas modificaciones, Morelos se suma a entidades que han reforzado la regulaci\u00f3n del tr\u00e1nsito para disminuir accidentes y muertes relacionadas con motocicletas. Las autoridades hicieron un llamado a los usuarios a informarse y ajustar su forma de circular a las nuevas disposiciones.<\/p>\n","protected":false},"excerpt":{"rendered":"<p>Nadya Limas MORELOS.- El estado estren\u00f3 este 25 de noviembre de 2025 una nueva Ley de Movilidad, Transporte y Seguridad Vial, publicada en el Peri\u00f3dico Oficial\u00a0Tierra y Libertad, la cual impone regulaciones m\u00e1s estrictas para el uso de motocicletas en todo el estado. Una de las medidas m\u00e1s relevantes es la prohibici\u00f3n total de transportar [&hellip;]<\/p>\n","protected":false},"author":3,"featured_media":2314,"comment_status":"open","ping_status":"open","sticky":false,"template":"","format":"standard","meta":{"_jetpack_memberships_contains_paid_content":false,"footnotes":""},"categories":[7],"tags":[],"class_list":["post-2311","post","type-post","status-publish","format-standard","has-post-thumbnail","hentry","category-mundo"],"jetpack_featured_media_url":"http:\/\/apdnoticias.com\/wp-content\/uploads\/2025\/11\/IMG_5373.jpeg","jetpack_sharing_enabled":true,"_links":{"self":[{"href":"http:\/\/apdnoticias.com\/index.php?rest_route=\/wp\/v2\/posts\/2311","targetHints":{"allow":["GET"]}}],"collection":[{"href":"http:\/\/apdnoticias.com\/index.php?rest_route=\/wp\/v2\/posts"}],"about":[{"href":"http:\/\/apdnoticias.com\/index.php?rest_route=\/wp\/v2\/types\/post"}],"author":[{"embeddable":true,"href":"http:\/\/apdnoticias.com\/index.php?rest_route=\/wp\/v2\/users\/3"}],"replies":[{"embeddable":true,"href":"http:\/\/apdnoticias.com\/index.php?rest_route=%2Fwp%2Fv2%2Fcomments&post=2311"}],"version-history":[{"count":1,"href":"http:\/\/apdnoticias.com\/index.php?rest_route=\/wp\/v2\/posts\/2311\/revisions"}],"predecessor-version":[{"id":2315,"href":"http:\/\/apdnoticias.com\/index.php?rest_route=\/wp\/v2\/posts\/2311\/revisions\/2315"}],"wp:featuredmedia":[{"embeddable":true,"href":"http:\/\/apdnoticias.com\/index.php?rest_route=\/wp\/v2\/media\/2314"}],"wp:attachment":[{"href":"http:\/\/apdnoticias.com\/index.php?rest_route=%2Fwp%2Fv2%2Fmedia&parent=2311"}],"wp:term":[{"taxonomy":"category","embeddable":true,"href":"http:\/\/apdnoticias.com\/index.php?rest_route=%2Fwp%2Fv2%2Fcategories&post=2311"},{"taxonomy":"post_tag","embeddable":true,"href":"http:\/\/apdnoticias.com\/index.php?rest_route=%2Fwp%2Fv2%2Ftags&post=2311"}],"curies":[{"name":"wp","href":"https:\/\/api.w.org\/{rel}","templated":true}]}}