{"id":2636,"date":"2026-03-07T01:00:20","date_gmt":"2026-03-07T01:00:20","guid":{"rendered":"https:\/\/apdnoticias.com\/?p=2636"},"modified":"2026-03-07T01:00:20","modified_gmt":"2026-03-07T01:00:20","slug":"victor-mercado-participa-en-conversatorio-sobre-libros-de-amlo-y-sheinbaum","status":"publish","type":"post","link":"http:\/\/apdnoticias.com\/?p=2636","title":{"rendered":"V\u00edctor Mercado participa en conversatorio sobre libros de AMLO y Sheinbaum"},"content":{"rendered":"\n<p>El pol\u00edtico morelense V\u00edctor Mercado Salgado particip\u00f3 en un conversatorio sobre los libros&nbsp;<strong>\u00a1Gracias! (Grandeza)<\/strong>&nbsp;del expresidente Andr\u00e9s Manuel L\u00f3pez Obrador y&nbsp;<strong>Diario de una transici\u00f3n hist\u00f3rica<\/strong>&nbsp;de la presidenta<\/p>\n\n\n\n<p>En el marco del conversatorio \u201cLa transformaci\u00f3n de M\u00e9xico y su memoria hist\u00f3rica\u201d, el senador de Morena por Morelos, V\u00edctor Mercado Salgado, particip\u00f3 en la presentaci\u00f3n de dos obras literarias que invitan a comprender el momento hist\u00f3rico que vive el pa\u00eds: \u201cGrandeza\u201d, del presidente Andr\u00e9s Manuel L\u00f3pez Obrador, y \u201cDiario de una transici\u00f3n hist\u00f3rica\u201d, de la presidenta Claudia Sheinbaum Pardo.<\/p>\n\n\n\n<p>Durante el encuentro, el senador destac\u00f3 que ambas obras permiten reflexionar sobre el proceso de cambio que vive M\u00e9xico, la importancia de su memoria hist\u00f3rica y los retos que enfrenta la naci\u00f3n para consolidar el proyecto de la cuarta transformaci\u00f3n.<\/p>\n\n\n\n<p>V\u00edctor Mercado Salgado agradeci\u00f3 la participaci\u00f3n y las aportaciones de Quint\u00edn Barrera, de la diputada Ariadna Barrera V\u00e1zquez, as\u00ed como de Marcos Mat\u00edas Alonso, antrop\u00f3logo ind\u00edgena; la Mtra. Felisa Burgos y el Mtro. Ricardo Rend\u00f3n, quienes compartieron sus experiencias y ofrecieron una valiosa s\u00edntesis de estas obras durante el conversatorio.<\/p>\n\n\n\n<p>El senador subray\u00f3 que espacios de di\u00e1logo como este fortalecen la reflexi\u00f3n colectiva sobre el rumbo del pa\u00eds y permiten mantener viva la memoria hist\u00f3rica que acompa\u00f1a a la transformaci\u00f3n de M\u00e9xico.<\/p>\n\n\n\n<p>Finalmente, Mercado Salgado reiter\u00f3 la importancia de continuar generando espacios de di\u00e1logo y reflexi\u00f3n para seguir avanzando en la transformaci\u00f3n del pa\u00eds y en el bienestar de las familias de Morelos.<\/p>\n","protected":false},"excerpt":{"rendered":"<p>El pol\u00edtico morelense V\u00edctor Mercado Salgado particip\u00f3 en un conversatorio sobre los libros&nbsp;\u00a1Gracias! (Grandeza)&nbsp;del expresidente Andr\u00e9s Manuel L\u00f3pez Obrador y&nbsp;Diario de una transici\u00f3n hist\u00f3rica&nbsp;de la presidenta En el marco del conversatorio \u201cLa transformaci\u00f3n de M\u00e9xico y su memoria hist\u00f3rica\u201d, el senador de Morena por Morelos, V\u00edctor Mercado Salgado, particip\u00f3 en la presentaci\u00f3n de dos obras [&hellip;]<\/p>\n","protected":false},"author":3,"featured_media":2638,"comment_status":"open","ping_status":"open","sticky":false,"template":"","format":"standard","meta":{"_jetpack_memberships_contains_paid_content":false,"footnotes":""},"categories":[13],"tags":[],"class_list":["post-2636","post","type-post","status-publish","format-standard","has-post-thumbnail","hentry","category-local"],"jetpack_featured_media_url":"http:\/\/apdnoticias.com\/wp-content\/uploads\/2026\/03\/87B8EED3-4FC9-46AF-A760-16FC8F989F21.jpeg","jetpack_sharing_enabled":true,"_links":{"self":[{"href":"http:\/\/apdnoticias.com\/index.php?rest_route=\/wp\/v2\/posts\/2636","targetHints":{"allow":["GET"]}}],"collection":[{"href":"http:\/\/apdnoticias.com\/index.php?rest_route=\/wp\/v2\/posts"}],"about":[{"href":"http:\/\/apdnoticias.com\/index.php?rest_route=\/wp\/v2\/types\/post"}],"author":[{"embeddable":true,"href":"http:\/\/apdnoticias.com\/index.php?rest_route=\/wp\/v2\/users\/3"}],"replies":[{"embeddable":true,"href":"http:\/\/apdnoticias.com\/index.php?rest_route=%2Fwp%2Fv2%2Fcomments&post=2636"}],"version-history":[{"count":1,"href":"http:\/\/apdnoticias.com\/index.php?rest_route=\/wp\/v2\/posts\/2636\/revisions"}],"predecessor-version":[{"id":2637,"href":"http:\/\/apdnoticias.com\/index.php?rest_route=\/wp\/v2\/posts\/2636\/revisions\/2637"}],"wp:featuredmedia":[{"embeddable":true,"href":"http:\/\/apdnoticias.com\/index.php?rest_route=\/wp\/v2\/media\/2638"}],"wp:attachment":[{"href":"http:\/\/apdnoticias.com\/index.php?rest_route=%2Fwp%2Fv2%2Fmedia&parent=2636"}],"wp:term":[{"taxonomy":"category","embeddable":true,"href":"http:\/\/apdnoticias.com\/index.php?rest_route=%2Fwp%2Fv2%2Fcategories&post=2636"},{"taxonomy":"post_tag","embeddable":true,"href":"http:\/\/apdnoticias.com\/index.php?rest_route=%2Fwp%2Fv2%2Ftags&post=2636"}],"curies":[{"name":"wp","href":"https:\/\/api.w.org\/{rel}","templated":true}]}}