{"id":2659,"date":"2026-03-11T00:30:52","date_gmt":"2026-03-11T00:30:52","guid":{"rendered":"https:\/\/apdnoticias.com\/?p=2659"},"modified":"2026-03-11T00:30:52","modified_gmt":"2026-03-11T00:30:52","slug":"fortalece-cuernavaca-coordinacion-con-claudia-sheinbaum-para-atender-las-causas-de-la-violencia","status":"publish","type":"post","link":"http:\/\/apdnoticias.com\/?p=2659","title":{"rendered":"Fortalece Cuernavaca coordinaci\u00f3n con Claudia Sheinbaum para atender las causas de la violencia"},"content":{"rendered":"\n<p>En un paso decisivo para consolidar la paz en la capital morelense, el alcalde de Cuernavaca, Jos\u00e9 Luis Uri\u00f3stegui Salgado particip\u00f3 este martes en una mesa de trabajo de alto nivel en Palacio Nacional, encabezada por la presidenta Claudia Sheinbaum Pardo. El encuentro tuvo como eje central el reforzamiento de la Estrategia Nacional de Seguridad, espec\u00edficamente en la acci\u00f3n de \u00abAtenci\u00f3n a las Causas\u00bb, alineando los esfuerzos municipales con la visi\u00f3n federal para reducir la desigualdad mediante intervenciones territoriales profundas y directas.<\/p>\n\n\n\n<p>Cuernavaca ha sido integrada dentro de un selecto grupo de 61 municipios prioritarios a nivel nacional, lo que permitir\u00e1 la implementaci\u00f3n de un plan de atenci\u00f3n focalizada. Esta suma de voluntades busca potenciar los recursos y programas destinados a las zonas con mayor rezago, garantizando que el estado de fuerza y la inversi\u00f3n social lleguen de manera estrat\u00e9gica a las colonias que m\u00e1s lo requieren, transformando el entorno urbano en un espacio de paz y legalidad.<\/p>\n\n\n\n<p>El presidente municipal Jos\u00e9 Luis Uri\u00f3stegui Salgado subray\u00f3 que para el Ayuntamiento de Cuernavaca la reconstrucci\u00f3n del tejido social no es un concepto nuevo, sino una pr\u00e1ctica diaria. Desde su primera administraci\u00f3n en 2022, se ha mantenido una pol\u00edtica de presencia directa en las comunidades, sustituyendo el escritorio por el territorio. A trav\u00e9s de programas integrales, mediante los cuales se han acercado servicios municipales, tr\u00e1mites, y actividades art\u00edsticas y deportivas que fungen como herramientas de prevenci\u00f3n social del delito.<\/p>\n\n\n\n<p>Con este respaldo federal, el Gobierno Municipal reafirma su compromiso de atacar los factores que generan entornos de riesgo desde su origen. Al fortalecer la base comunitaria y mejorar la calidad de vida en los barrios y colonias, Cuernavaca avanza con paso firme hacia un modelo de seguridad ciudadana m\u00e1s humano, eficiente y, sobre todo, preventivo.<\/p>\n","protected":false},"excerpt":{"rendered":"<p>En un paso decisivo para consolidar la paz en la capital morelense, el alcalde de Cuernavaca, Jos\u00e9 Luis Uri\u00f3stegui Salgado particip\u00f3 este martes en una mesa de trabajo de alto nivel en Palacio Nacional, encabezada por la presidenta Claudia Sheinbaum Pardo. El encuentro tuvo como eje central el reforzamiento de la Estrategia Nacional de Seguridad, [&hellip;]<\/p>\n","protected":false},"author":3,"featured_media":2660,"comment_status":"open","ping_status":"open","sticky":false,"template":"","format":"standard","meta":{"_jetpack_memberships_contains_paid_content":false,"footnotes":""},"categories":[13],"tags":[],"class_list":["post-2659","post","type-post","status-publish","format-standard","has-post-thumbnail","hentry","category-local"],"jetpack_featured_media_url":"http:\/\/apdnoticias.com\/wp-content\/uploads\/2026\/03\/3A2B0505-DFA6-43CE-ABFB-DA08577F967B.jpeg","jetpack_sharing_enabled":true,"_links":{"self":[{"href":"http:\/\/apdnoticias.com\/index.php?rest_route=\/wp\/v2\/posts\/2659","targetHints":{"allow":["GET"]}}],"collection":[{"href":"http:\/\/apdnoticias.com\/index.php?rest_route=\/wp\/v2\/posts"}],"about":[{"href":"http:\/\/apdnoticias.com\/index.php?rest_route=\/wp\/v2\/types\/post"}],"author":[{"embeddable":true,"href":"http:\/\/apdnoticias.com\/index.php?rest_route=\/wp\/v2\/users\/3"}],"replies":[{"embeddable":true,"href":"http:\/\/apdnoticias.com\/index.php?rest_route=%2Fwp%2Fv2%2Fcomments&post=2659"}],"version-history":[{"count":1,"href":"http:\/\/apdnoticias.com\/index.php?rest_route=\/wp\/v2\/posts\/2659\/revisions"}],"predecessor-version":[{"id":2661,"href":"http:\/\/apdnoticias.com\/index.php?rest_route=\/wp\/v2\/posts\/2659\/revisions\/2661"}],"wp:featuredmedia":[{"embeddable":true,"href":"http:\/\/apdnoticias.com\/index.php?rest_route=\/wp\/v2\/media\/2660"}],"wp:attachment":[{"href":"http:\/\/apdnoticias.com\/index.php?rest_route=%2Fwp%2Fv2%2Fmedia&parent=2659"}],"wp:term":[{"taxonomy":"category","embeddable":true,"href":"http:\/\/apdnoticias.com\/index.php?rest_route=%2Fwp%2Fv2%2Fcategories&post=2659"},{"taxonomy":"post_tag","embeddable":true,"href":"http:\/\/apdnoticias.com\/index.php?rest_route=%2Fwp%2Fv2%2Ftags&post=2659"}],"curies":[{"name":"wp","href":"https:\/\/api.w.org\/{rel}","templated":true}]}}