{"id":268,"date":"2024-09-26T00:19:33","date_gmt":"2024-09-26T00:19:33","guid":{"rendered":"http:\/\/apdnoticias.com\/?p=268"},"modified":"2024-09-26T00:19:33","modified_gmt":"2024-09-26T00:19:33","slug":"ayuntamiento-de-cuernavaca-y-antropologia-de-primavera-convocan-a-participar-en-la-elaboracion-del-libro-del-mercado-adolfo-mateos","status":"publish","type":"post","link":"http:\/\/apdnoticias.com\/?p=268","title":{"rendered":"Ayuntamiento de Cuernavaca y antropolog\u00eda de primavera convocan a participar en la elaboraci\u00f3n del libro del mercado Adolfo Mateos"},"content":{"rendered":"\n<p><\/p>\n\n\n\n<p>\u2022 Ser\u00e1 un trabajo de compilaci\u00f3n \u00fanico en el estado busca preservar la memoria hist\u00f3rica y cultural del mercado a trav\u00e9s de fotogr\u00e1ficas, documentos y relatos sobre los 60 a\u00f1os de la central de abastos<\/p>\n\n\n\n<p>\u2022 Es una iniciativa ciudadana de Antropolog\u00eda de Primavera, respaldada por l\u00edderes comerciantes, historiadoras, investigadoras y docentes<\/p>\n\n\n\n<p>Con el prop\u00f3sito de homenajear los 60 a\u00f1os de uno de los principales polos de la econom\u00eda en el estado, la iniciativa ciudadana Antropolog\u00eda de Primavera en coordinaci\u00f3n con el Ayuntamiento de Cuernavaca a trav\u00e9s del Instituto de Cultura, anunciaron este mi\u00e9rcoles la apertura de la convocatoria abierta para el libro conmemorativo del Mercado Adolfo L\u00f3pez Mateos que a trav\u00e9s de im\u00e1genes fotogr\u00e1ficas y documentos significativos celebrar\u00e1 la historia y el impacto cultural de este emblem\u00e1tico espacio, as\u00ed como de los mercados que lo precedieron.<\/p>\n\n\n\n<p>En el marco de la sesi\u00f3n ordinaria de Cabildo, el presidente municipal de Cuernavaca, Jos\u00e9 Luis Uri\u00f3stegui Salgado, invit\u00f3 a la ciudadan\u00eda en general a participar a partir del d\u00eda de hoy y hasta el 15 de diciembre en esta conjunci\u00f3n de esfuerzos que permitir\u00e1 rescatar las ra\u00edces del mercado con una recopilaci\u00f3n de im\u00e1genes fotogr\u00e1ficas y documentos sobre los antecedentes hist\u00f3ricos del Adolfo L\u00f3pez Mateos como un ejercicio de fortalecimiento de la comunidad y de tributo al esfuerzo y dedicaci\u00f3n de comerciantes, l\u00edderes y clientes que han hecho del mismo un lugar vibrante y lleno de vida.<\/p>\n\n\n\n<p>En la presentaci\u00f3n de la convocatoria, la directora de Antropolog\u00eda de Primavera y del proyecto \u201cHijos e Hijas del mercado\u201d, Mar\u00eda de Lourdes Mel\u00e9ndes Rodr\u00edguez, o Mary Lu como la conocen tambi\u00e9n, agradeci\u00f3 el apoyo del municipio destacando el compromiso para la difusi\u00f3n y la impresi\u00f3n del libro que reflejar\u00e1 la riqueza de las tradiciones y la importancia de los mercados, contando con la colaboraci\u00f3n de expertos en historia, humanidades y antropolog\u00eda para ofrecer un an\u00e1lisis profundo y contextualizado de la evaluaci\u00f3n del mercado y su relevancia en la interacci\u00f3n social y cultural del estado.<\/p>\n\n\n\n<p>La convocatoria y las bases para participar en el libro conmemorativo \u00abLos hijos e hijas del mercado\u00bb est\u00e1n disponibles en el sitio web www.antropologiadeprimavera.com, en la p\u00e1gina web https:\/\/cuernavaca.gob.mx\/ y redes sociales del Municipio de Cuernavaca, teniendo como sedes de entrega de las im\u00e1genes y documentos en formato f\u00edsico el Museo de la Ciudad de Cuernavaca y la Direcci\u00f3n del Centro Comercial Adolfo L\u00f3pez Mateos de lunes a viernes en un horario de 10:00 a 15:00 horas.<\/p>\n\n\n\n<p>A nombre del mercado Adolfo L\u00f3pez Mateos, el secretario de la Uni\u00f3n de Comerciantes, Emilio Rosas Rico; el secretario de Organizaci\u00f3n de la Uni\u00f3n de Comerciantes, Alejandro Delgado Ortega y el l\u00edder de Estibadores, Sebasti\u00e1n Herrera Gonz\u00e1lez, celebraron la elaboraci\u00f3n de este libro conmemorativo, el cual adem\u00e1s de registrar la participaci\u00f3n de la comunidad que integran el mercado, sumar\u00e1 a todas aquellas personas que tengan una historia que contar sobre la central de abastos m\u00e1s importante del estado que hasta el 2010 cobijaba el mural m\u00e1s grande del mundo, albergando a cinco generaciones de morelenses, logrando pasar a la historia la riqueza cultural y legados del mercado.<\/p>\n\n\n\n<p>Al respecto, la directora del mercado Adolfo L\u00f3pez Mateos, Sara Bello Olmedo, se sum\u00f3 a la invitaci\u00f3n hecha a la poblaci\u00f3n para preservar este espacio p\u00fablico mediante la conservaci\u00f3n y rescate de su memoria hist\u00f3rica, siendo un aut\u00e9ntico logro que concierne, no solo a los que trabajan aqu\u00ed, sino a toda la comunidad como un \u00edcono que identifica a la entidad morelense.<\/p>\n\n\n\n<p>Al formar parte de este trabajo, el director del Instituto de Cultura de Cuernavaca, Juan Contreras de Oteyza, puntualiz\u00f3 que esta iniciativa ciudadana surge del inter\u00e9s de su gente por revivir la historia local y con ello no enterrar el pasado, poniendo al alcance de p\u00fablico en general un documento de car\u00e1cter patrimonial que contendr\u00e1 episodios que los identifican como ciudadanos de Cuernavaca, otorgando con un sentido especial de pertenencia.<\/p>\n\n\n\n<p>Por su lado, el director general de Comercio, Industria y Servicios de la Secretar\u00eda de Desarrollo Econ\u00f3mico y Turismo, Edmundo Chac\u00f3n Gallardo, no dej\u00f3 pasar la oportunidad de subrayar la trascendencia que tendr\u00e1 este ejemplar \u00fanico en el estado que, por medio de una relator\u00eda, de un estudio antropol\u00f3gico y de la memoria fotogr\u00e1fica dar\u00e1 a conocer la historia del mercado Adolfo L\u00f3pez Mateos y de quienes lo han constituido y fortalecido durante estos 60 a\u00f1os.<\/p>\n\n\n\n<p>Las historiadoras Claudia Cruz Rodr\u00edguez y Citlali Flores Pacheco, as\u00ed como la maestra en Humanidades, Lilia Hern\u00e1ndez, quienes participar\u00e1n en el proyecto, coincidieron en la relevancia que tiene este trabajo acad\u00e9mico e interdisciplinario para darle voz a un sector tan importante para la sociedad como es el mercado Adolfo L\u00f3pez Mateos, un punto de convergencia para personas de todo el estado de Morelos.<\/p>\n","protected":false},"excerpt":{"rendered":"<p>\u2022 Ser\u00e1 un trabajo de compilaci\u00f3n \u00fanico en el estado busca preservar la memoria hist\u00f3rica y cultural del mercado a trav\u00e9s de fotogr\u00e1ficas, documentos y relatos sobre los 60 a\u00f1os de la central de abastos \u2022 Es una iniciativa ciudadana de Antropolog\u00eda de Primavera, respaldada por l\u00edderes comerciantes, historiadoras, investigadoras y docentes Con el prop\u00f3sito [&hellip;]<\/p>\n","protected":false},"author":3,"featured_media":269,"comment_status":"open","ping_status":"open","sticky":false,"template":"","format":"standard","meta":{"_jetpack_memberships_contains_paid_content":false,"footnotes":""},"categories":[5],"tags":[],"class_list":["post-268","post","type-post","status-publish","format-standard","has-post-thumbnail","hentry","category-morelos"],"jetpack_featured_media_url":"http:\/\/apdnoticias.com\/wp-content\/uploads\/2024\/09\/8639f4f9-8f07-45ab-93c8-c3e7e2f97197.jpeg","jetpack_sharing_enabled":true,"_links":{"self":[{"href":"http:\/\/apdnoticias.com\/index.php?rest_route=\/wp\/v2\/posts\/268","targetHints":{"allow":["GET"]}}],"collection":[{"href":"http:\/\/apdnoticias.com\/index.php?rest_route=\/wp\/v2\/posts"}],"about":[{"href":"http:\/\/apdnoticias.com\/index.php?rest_route=\/wp\/v2\/types\/post"}],"author":[{"embeddable":true,"href":"http:\/\/apdnoticias.com\/index.php?rest_route=\/wp\/v2\/users\/3"}],"replies":[{"embeddable":true,"href":"http:\/\/apdnoticias.com\/index.php?rest_route=%2Fwp%2Fv2%2Fcomments&post=268"}],"version-history":[{"count":1,"href":"http:\/\/apdnoticias.com\/index.php?rest_route=\/wp\/v2\/posts\/268\/revisions"}],"predecessor-version":[{"id":270,"href":"http:\/\/apdnoticias.com\/index.php?rest_route=\/wp\/v2\/posts\/268\/revisions\/270"}],"wp:featuredmedia":[{"embeddable":true,"href":"http:\/\/apdnoticias.com\/index.php?rest_route=\/wp\/v2\/media\/269"}],"wp:attachment":[{"href":"http:\/\/apdnoticias.com\/index.php?rest_route=%2Fwp%2Fv2%2Fmedia&parent=268"}],"wp:term":[{"taxonomy":"category","embeddable":true,"href":"http:\/\/apdnoticias.com\/index.php?rest_route=%2Fwp%2Fv2%2Fcategories&post=268"},{"taxonomy":"post_tag","embeddable":true,"href":"http:\/\/apdnoticias.com\/index.php?rest_route=%2Fwp%2Fv2%2Ftags&post=268"}],"curies":[{"name":"wp","href":"https:\/\/api.w.org\/{rel}","templated":true}]}}