{"id":271,"date":"2024-09-26T04:22:34","date_gmt":"2024-09-26T04:22:34","guid":{"rendered":"http:\/\/apdnoticias.com\/?p=271"},"modified":"2024-09-26T04:22:34","modified_gmt":"2024-09-26T04:22:34","slug":"celebra-gonzalez-saravia-ratificacion-definitiva-de-resultado-electoral-por-el-tepjf","status":"publish","type":"post","link":"http:\/\/apdnoticias.com\/?p=271","title":{"rendered":"Celebra Gonz\u00e1lez Saravia ratificaci\u00f3n definitiva de resultado electoral por el TEPJF"},"content":{"rendered":"\n<p>La gobernadora electa de Morelos, Margarita Gonz\u00e1lez Saravia, celebr\u00f3 este d\u00eda la ratificaci\u00f3n definitiva de su triunfo en el proceso electoral por parte de la Sala Superior del Tribunal Electoral del Poder Judicial de la Federaci\u00f3n (TEPJF). La resoluci\u00f3n confirma la sentencia emitida previamente por el Tribunal Electoral del Estado de Morelos, que validaba los resultados de la elecci\u00f3n a la gubernatura.<\/p>\n\n\n\n<p>A trav\u00e9s de sus redes sociales, Gonz\u00e1lez Saravia expres\u00f3: \u00abEsta tarde se confirm\u00f3 en definitiva el triunfo del pueblo morelense en el pasado proceso electoral, pues la Sala Superior del Tribunal Electoral del Poder Judicial de la Federaci\u00f3n ratific\u00f3 la sentencia que confirmaba los resultados de la elecci\u00f3n a la gubernatura, previamente declarados por el Tribunal Electoral del Estado de Morelos\u00bb.<\/p>\n\n\n\n<p>Finalmente, la gobernadora electa agradeci\u00f3 a las y los ciudadanos de Morelos por su apoyo y confianza, reafirmando su compromiso de trabajar en unidad para el bienestar de la entidad. \u00abNuevamente agradezco a las y los morelenses que confiaron en este proyecto de transformaci\u00f3n, ahora es momento de trabajar en unidad y con el \u00fanico objetivo de lograr el bienestar de nuestro estado\u00bb, concluy\u00f3.<\/p>\n","protected":false},"excerpt":{"rendered":"<p>La gobernadora electa de Morelos, Margarita Gonz\u00e1lez Saravia, celebr\u00f3 este d\u00eda la ratificaci\u00f3n definitiva de su triunfo en el proceso electoral por parte de la Sala Superior del Tribunal Electoral del Poder Judicial de la Federaci\u00f3n (TEPJF). La resoluci\u00f3n confirma la sentencia emitida previamente por el Tribunal Electoral del Estado de Morelos, que validaba los [&hellip;]<\/p>\n","protected":false},"author":3,"featured_media":272,"comment_status":"open","ping_status":"open","sticky":false,"template":"","format":"standard","meta":{"_jetpack_memberships_contains_paid_content":false,"footnotes":""},"categories":[5],"tags":[],"class_list":["post-271","post","type-post","status-publish","format-standard","has-post-thumbnail","hentry","category-morelos"],"jetpack_featured_media_url":"http:\/\/apdnoticias.com\/wp-content\/uploads\/2024\/09\/9ce91146-54eb-46c6-9d69-efba48f5aee0.jpeg","jetpack_sharing_enabled":true,"_links":{"self":[{"href":"http:\/\/apdnoticias.com\/index.php?rest_route=\/wp\/v2\/posts\/271","targetHints":{"allow":["GET"]}}],"collection":[{"href":"http:\/\/apdnoticias.com\/index.php?rest_route=\/wp\/v2\/posts"}],"about":[{"href":"http:\/\/apdnoticias.com\/index.php?rest_route=\/wp\/v2\/types\/post"}],"author":[{"embeddable":true,"href":"http:\/\/apdnoticias.com\/index.php?rest_route=\/wp\/v2\/users\/3"}],"replies":[{"embeddable":true,"href":"http:\/\/apdnoticias.com\/index.php?rest_route=%2Fwp%2Fv2%2Fcomments&post=271"}],"version-history":[{"count":1,"href":"http:\/\/apdnoticias.com\/index.php?rest_route=\/wp\/v2\/posts\/271\/revisions"}],"predecessor-version":[{"id":273,"href":"http:\/\/apdnoticias.com\/index.php?rest_route=\/wp\/v2\/posts\/271\/revisions\/273"}],"wp:featuredmedia":[{"embeddable":true,"href":"http:\/\/apdnoticias.com\/index.php?rest_route=\/wp\/v2\/media\/272"}],"wp:attachment":[{"href":"http:\/\/apdnoticias.com\/index.php?rest_route=%2Fwp%2Fv2%2Fmedia&parent=271"}],"wp:term":[{"taxonomy":"category","embeddable":true,"href":"http:\/\/apdnoticias.com\/index.php?rest_route=%2Fwp%2Fv2%2Fcategories&post=271"},{"taxonomy":"post_tag","embeddable":true,"href":"http:\/\/apdnoticias.com\/index.php?rest_route=%2Fwp%2Fv2%2Ftags&post=271"}],"curies":[{"name":"wp","href":"https:\/\/api.w.org\/{rel}","templated":true}]}}