{"id":3001,"date":"2026-04-29T20:31:53","date_gmt":"2026-04-29T20:31:53","guid":{"rendered":"https:\/\/apdnoticias.com\/?p=3001"},"modified":"2026-04-29T20:31:53","modified_gmt":"2026-04-29T20:31:53","slug":"entrega-congreso-los-reconocimientos-del-merito-al-deporte-cultura-fisica-y-merito-al-emprendedor-2026","status":"publish","type":"post","link":"http:\/\/apdnoticias.com\/?p=3001","title":{"rendered":"Entrega Congreso los reconocimientos del m\u00e9rito al deporte, cultura f\u00edsica y m\u00e9rito al emprendedor 2026\u201d"},"content":{"rendered":"\n<p>El desarrollo de nuestro estado se construye todos los d\u00edas, desde distintos espacios; desde una cancha, desde un negocio, desde un aula: Dip. Isaac Pimentel.<\/p>\n\n\n\n<p>En Sesi\u00f3n Solemne, las y los diputados del Congreso del Estado de Morelos realizaron la ma\u00f1ana de este mi\u00e9rcoles, la entrega de los reconocimientos al \u201cM\u00e9rito al Deporte y Cultura F\u00edsica\u201d y al \u201cM\u00e9rito Emprendedor\u201d ambos de Estado de Morelos y en sus ediciones 2026, as\u00ed como la develaci\u00f3n en el Muro de Honor del Congreso del Estado de la leyenda: \u201c2026, A\u00d1O DEL LXV ANIVERSARIO DEL INSTITUTO TECNOL\u00d3GICO DE ZACATEPEC\u201d.<\/p>\n\n\n\n<p>En su mensaje, el presidente de la Mesa Directiva, diputado Isaac Pimentel Mej\u00eda, tras felicitar a los galardonados en los diversos rubros, se\u00f1al\u00f3 que el desarrollo de nuestro estado se construye todos los d\u00edas, desde distintos espacios. Desde una cancha, desde un negocio, desde un aula. Y cuando ese esfuerzo se reconoce, tambi\u00e9n se fortalece el tejido social. Y pidi\u00f3: Sigamos apostando por eso. Por el trabajo bien hecho. Por el esfuerzo constante. Por las oportunidades para todas y todos.<\/p>\n\n\n\n<p>Ante la secretaria de Bienestar, Silvia Salazar Hern\u00e1ndez, y el magistrado Francisco Hurtado Delgado, representantes de los poderes Ejecutivo y Judicial, respectivamente, Pimentel Mej\u00eda destac\u00f3 que \u201choy este Congreso reconoce historias de trabajo, de disciplina y de constancia; a personas que han decidido hacer bien las cosas, incluso cuando el camino no es sencillo\u201d.<\/p>\n\n\n\n<p>\u201cEn el deporte y la cultura f\u00edsica hay una ense\u00f1anza clara: nada se construye de un d\u00eda para otro. Cada resultado tiene detr\u00e1s horas de preparaci\u00f3n, sacrificios y una voluntad firme de superarse. Eso es lo que hoy se reconoce. En el emprendimiento ocurre algo similar, hay decisi\u00f3n, hay riesgo y hay trabajo constante. Hay mujeres y hombres que apuestan por su estado, que generan oportunidades y que sostienen la econom\u00eda desde lo local. Ese esfuerzo es el que mueve a Morelos\u201d.<\/p>\n\n\n\n<p>Desde la tribuna legislativa, la diputada Luz Dary Quevedo Maldonado, presidenta de la Comisi\u00f3n del Deporte, cit\u00f3 los m\u00e9ritos de cada uno de los premiados y reconoci\u00f3 su car\u00e1cter, disciplina \u201cy el coraz\u00f3n de mujeres y hombres que decidieron creer en s\u00ed mismos, incluso cuando parec\u00eda imposible. Ustedes son ejemplo para nuestras ni\u00f1as, nuestros ni\u00f1os y nuestros j\u00f3venes. Nos recuerdan que los sue\u00f1os no se cumplen por casualidad, se construyen con esfuerzo todos los d\u00edas\u201d.<\/p>\n\n\n\n<p>Resalt\u00f3 que \u201choy este Congreso no solo les entrega un reconocimiento, les entrega el respeto, el orgullo y la admiraci\u00f3n de todo Morelos. Hoy hablamos de historias que se han escrito con esfuerzo, con l\u00e1grimas que nadie vio, con sacrificios silenciosos que muchas veces quedan fuera de los reflectores y con una voluntad que simplemente se niega a rendirse\u201d.<\/p>\n\n\n\n<p>Los ganadores del M\u00e9rito al Deporte y Cultura F\u00edsica 2026, y sus respectivas categor\u00edas, son: Regina Cuevas Ortiz, nataci\u00f3n; Mar\u00eda Fernanda Alvarado Fiscal, en halterofilia; Mat\u00edas Caleb Guti\u00e9rrez Abarca en b\u00e1squetbol; Rub\u00e9n Romero Jim\u00e9nez, en la modalidad de deporte adaptado en la gama deportiva de Golf; y a Guillermo Bautista Michua, en representaci\u00f3n de la Selecci\u00f3n de Baloncesto sobre Silla de Ruedas del estado de Morelos.<\/p>\n\n\n\n<p>As\u00ed mismo, en el evento recibieron reconocimientos, medallas alusivas y est\u00edmulos econ\u00f3micos los ganadores del M\u00e9rito Emprendedor 2026 en sus respectivas categor\u00edas: I. Idea innovadora, Alan Yair Guadarrama Uribe; II. Mujer emprendedora, Hilda Luc\u00eda Jim\u00e9nez Mir\u00f3; III. Persona empresaria joven, Francisco Javier Fern\u00e1ndez Ortiz; IV. Persona empresaria agr\u00edcola: Venancia Maya Ariza; V. Instituci\u00f3n educativa y o persona estudiante emprendedora, Colegio Vam \u201c\u00bbVirrey\u00bb; VI. Persona emprendedora incluyente: Juan Arturo Nepomuceno.<\/p>\n\n\n\n<p>En el uso de la voz, el presidente de la Comisi\u00f3n de Desarrollo Econ\u00f3mico, diputado Gerardo Abarca Pe\u00f1a, lament\u00f3 que Morelos cerr\u00f3 2025 sin crecimiento, sin nuevas empresas, sin generaci\u00f3n de m\u00e1s empleos; y asegur\u00f3 que, desde su responsabilidad como legislador \u201cvamos a seguir impulsando iniciativas que realmente apoyen al emprendimiento. Vamos a seguir llevando capacitaci\u00f3n, herramientas y acompa\u00f1amiento a las colonias y comunidades, a trav\u00e9s de acciones como \u201cAprender para Emprender\u201d, porque el talento est\u00e1 ah\u00ed, lo que ha faltado es respaldo\u201d.<\/p>\n\n\n\n<p>Ante emprendedores del estado de Morelos, resalt\u00f3 que \u201caqu\u00ed no estamos celebrando privilegios, estamos reconociendo decisiones valientes. Hoy felicito a quienes han tenido el coraje de enfrentar obst\u00e1culos, de apostar por sus ideas incluso cuando el camino no era f\u00e1cil. Cada uno de ustedes representa algo m\u00e1s grande que un emprendimiento, representa la decisi\u00f3n de construir cuando todo parece derrumbarse\u201d.<\/p>\n\n\n\n<p>-0-<\/p>\n","protected":false},"excerpt":{"rendered":"<p>El desarrollo de nuestro estado se construye todos los d\u00edas, desde distintos espacios; desde una cancha, desde un negocio, desde un aula: Dip. Isaac Pimentel. En Sesi\u00f3n Solemne, las y los diputados del Congreso del Estado de Morelos realizaron la ma\u00f1ana de este mi\u00e9rcoles, la entrega de los reconocimientos al \u201cM\u00e9rito al Deporte y Cultura [&hellip;]<\/p>\n","protected":false},"author":3,"featured_media":3002,"comment_status":"open","ping_status":"open","sticky":false,"template":"","format":"standard","meta":{"_jetpack_memberships_contains_paid_content":false,"footnotes":""},"categories":[5],"tags":[],"class_list":["post-3001","post","type-post","status-publish","format-standard","has-post-thumbnail","hentry","category-morelos"],"jetpack_featured_media_url":"http:\/\/apdnoticias.com\/wp-content\/uploads\/2026\/04\/24E24307-3E19-4864-8822-6E3B43181002.jpeg","jetpack_sharing_enabled":true,"_links":{"self":[{"href":"http:\/\/apdnoticias.com\/index.php?rest_route=\/wp\/v2\/posts\/3001","targetHints":{"allow":["GET"]}}],"collection":[{"href":"http:\/\/apdnoticias.com\/index.php?rest_route=\/wp\/v2\/posts"}],"about":[{"href":"http:\/\/apdnoticias.com\/index.php?rest_route=\/wp\/v2\/types\/post"}],"author":[{"embeddable":true,"href":"http:\/\/apdnoticias.com\/index.php?rest_route=\/wp\/v2\/users\/3"}],"replies":[{"embeddable":true,"href":"http:\/\/apdnoticias.com\/index.php?rest_route=%2Fwp%2Fv2%2Fcomments&post=3001"}],"version-history":[{"count":1,"href":"http:\/\/apdnoticias.com\/index.php?rest_route=\/wp\/v2\/posts\/3001\/revisions"}],"predecessor-version":[{"id":3003,"href":"http:\/\/apdnoticias.com\/index.php?rest_route=\/wp\/v2\/posts\/3001\/revisions\/3003"}],"wp:featuredmedia":[{"embeddable":true,"href":"http:\/\/apdnoticias.com\/index.php?rest_route=\/wp\/v2\/media\/3002"}],"wp:attachment":[{"href":"http:\/\/apdnoticias.com\/index.php?rest_route=%2Fwp%2Fv2%2Fmedia&parent=3001"}],"wp:term":[{"taxonomy":"category","embeddable":true,"href":"http:\/\/apdnoticias.com\/index.php?rest_route=%2Fwp%2Fv2%2Fcategories&post=3001"},{"taxonomy":"post_tag","embeddable":true,"href":"http:\/\/apdnoticias.com\/index.php?rest_route=%2Fwp%2Fv2%2Ftags&post=3001"}],"curies":[{"name":"wp","href":"https:\/\/api.w.org\/{rel}","templated":true}]}}